{"id":490,"date":"2016-11-15T16:31:22","date_gmt":"2016-11-15T16:31:22","guid":{"rendered":"https:\/\/www.institut-myologie.org\/imotion\/?p=490"},"modified":"2021-12-15T12:46:30","modified_gmt":"2021-12-15T10:46:30","slug":"pour-linauguration","status":"publish","type":"post","link":"https:\/\/www.institut-myologie.org\/imotion\/2016\/11\/15\/pour-linauguration\/","title":{"rendered":"Inauguration"},"content":{"rendered":"<p>Apr\u00e8s une ouverture en juin 2015, l&rsquo;institut I-Motion est officiellement inaugur\u00e9 le 18 f\u00e9vrier 2016. Cette inauguration s&rsquo;est d\u00e9roul\u00e9e en pr\u00e9sence de\u00a0Thierry Mandon, Secr\u00e9taire d&rsquo;Etat en charge de l&rsquo;enseignement sup\u00e9rieur et de la recherche,\u00a0de Martin Hirsch, Directeur G\u00e9n\u00e9ral de l&rsquo;AP-HP, du Pr. No\u00ebl Garabedian, Pr\u00e9sident de la Commission m\u00e9dicale d&rsquo;\u00e9tablissement de l&rsquo;AP-HP, du Pr. Jean Chambaz, Pr\u00e9sident de l&rsquo;Universit\u00e9 Pierre et Marie Curie, \u00a0de Laurence Tiennot-Herment, Pr\u00e9sidente de l&rsquo;AFM-T\u00e9l\u00e9thon, ainsi que du chanteur Garou le parrain de l&rsquo;institut, et de nombreux acteurs du monde m\u00e9dical.<\/p>\n<p><img loading=\"lazy\" decoding=\"async\" class=\"alignnone wp-image-1881\" src=\"https:\/\/www.institut-myologie.org\/imotion\/wp-content\/uploads\/2016\/11\/actu-imotion-inauguration2-300x200.jpg\" alt=\"\" width=\"420\" height=\"281\" srcset=\"https:\/\/www.institut-myologie.org\/imotion\/wp-content\/uploads\/2016\/11\/actu-imotion-inauguration2-300x200.jpg 300w, https:\/\/www.institut-myologie.org\/imotion\/wp-content\/uploads\/2016\/11\/actu-imotion-inauguration2-768x512.jpg 768w, https:\/\/www.institut-myologie.org\/imotion\/wp-content\/uploads\/2016\/11\/actu-imotion-inauguration2.jpg 1000w\" sizes=\"auto, (max-width: 420px) 100vw, 420px\" \/><\/p>\n<p>\u00ab\u00a0<i>Pour notre association de malades et de parents de malades,<\/i><i> I-Motion<\/i><i> est un symbole,<\/i> explique Laurence Tiennot-Herment. <i>C\u2019est un lieu que j\u2019aurais aim\u00e9 qu\u2019on me d\u00e9signe, il y a 20 ans, lorsque l\u2019on m\u2019a annonc\u00e9 le diagnostic de mon fils atteint d\u2019une myopathie de Duchenne. Et des lieux comme cela, il n&rsquo;y en avait pas. I-Motion, c&rsquo;est une \u00e9quipe de 18 personnes, des hommes et des femmes jeunes, engag\u00e9s et ambitieux, qui oeuvrent tous les jours pour les enfants atteints de maladies neuromusculaires. Ce sont d\u00e9j\u00e0 22 essais en cours ou \u00e0 venir. Nous sommes au d\u00e9but de l\u2019histoire, d\u2019une nouvelle ambition.\u00a0\u00bb<\/i><\/p>\n<p>Une visite d&rsquo;I-Motion \u00e0 travers le parcours d&rsquo;un jeune patient inclus dans un essai th\u00e9rapeutique a permis \u00e0 toutes les personnes pr\u00e9sentes, dont Martin Hirsch et Thierry Mandon, de d\u00e9couvrir le lieu et les \u00e9quipes.<span class=\"Apple-converted-space\">\u00a0<\/span><\/p>\n<p>Garou avait d\u00e9j\u00e0 visit\u00e9 l&rsquo;Institut <a href=\"http:\/\/www.afm-telethon.fr\/actualites\/garou-parrain-institut-i-motion-6008\">en novembre 2015<\/a> et rencontr\u00e9 les jeunes malades et leurs familles , mais il \u00e9tait important pour lui d&rsquo;\u00eatre l\u00e0 aussi lors de l&rsquo;inauguration.<i> \u00ab\u00a0Je suis tr\u00e8s fier d\u2019apporter mon humble contribution <\/i>\u00e0 l\u2019Institut I-Motion<i>. \u00catre le parrain du T\u00e9l\u00e9thon en 2014 a transform\u00e9 ma vie. J&rsquo;ai pu faire de magnifiques rencontres avec des enfants malades mais aussi avec des chercheurs incroyables. C\u2019est tout \u00e0 fait naturel pour moi de poursuivre mon investissement aupr\u00e8s d\u2019eux et de contribuer aux r\u00eaves des enfants.\u00a0\u00bb\u00a0<\/i><\/p>\n<h2>L\u2019inauguration en images<\/h2>\n<p><iframe loading=\"lazy\" src=\"\/\/www.youtube.com\/embed\/eEVOpsi7Gxk\" width=\"560\" height=\"314\" allowfullscreen=\"allowfullscreen\"><\/iframe><\/p>\n","protected":false},"excerpt":{"rendered":"<p>Ch\u00e8res amies, chers amis, nous tenions, l\u2019\u00e9quipe et moi-m\u00eame vous remercier pour votre visite sur le site. Et comme t\u00e9moignage de cette reconnaissance, nous d\u00e9sirons vous offrir un cadeau, un cadeau assez inhabituel : un voyage. <\/p>\n","protected":false},"author":3,"featured_media":0,"comment_status":"closed","ping_status":"closed","sticky":false,"template":"","format":"standard","meta":{"_acf_changed":false,"footnotes":""},"categories":[4],"tags":[],"class_list":["post-490","post","type-post","status-publish","format-standard","hentry","category-actualites"],"acf":[],"yoast_head":"<!-- This site is optimized with the Yoast SEO plugin v27.1.1 - https:\/\/yoast.com\/product\/yoast-seo-wordpress\/ -->\n<title>Inauguration - I-Motion<\/title>\n<meta name=\"robots\" content=\"index, follow, max-snippet:-1, max-image-preview:large, max-video-preview:-1\" \/>\n<link rel=\"canonical\" href=\"https:\/\/www.institut-myologie.org\/imotion\/2016\/11\/15\/pour-linauguration\/\" \/>\n<meta property=\"og:locale\" content=\"fr_FR\" \/>\n<meta property=\"og:type\" content=\"article\" \/>\n<meta property=\"og:title\" content=\"Inauguration - I-Motion\" \/>\n<meta property=\"og:description\" content=\"Ch\u00e8res amies, chers amis, nous tenions, l\u2019\u00e9quipe et moi-m\u00eame vous remercier pour votre visite sur le site. Et comme t\u00e9moignage de cette reconnaissance, nous d\u00e9sirons vous offrir un cadeau, un cadeau assez inhabituel : un voyage.\" \/>\n<meta property=\"og:url\" content=\"https:\/\/www.institut-myologie.org\/imotion\/2016\/11\/15\/pour-linauguration\/\" \/>\n<meta property=\"og:site_name\" content=\"I-Motion\" \/>\n<meta property=\"article:published_time\" content=\"2016-11-15T16:31:22+00:00\" \/>\n<meta property=\"article:modified_time\" content=\"2021-12-15T10:46:30+00:00\" \/>\n<meta property=\"og:image\" content=\"https:\/\/www.institut-myologie.org\/imotion\/wp-content\/uploads\/2016\/11\/actu-imotion-inauguration2-300x200.jpg\" \/>\n<meta name=\"author\" content=\"Anne Berthomier\" \/>\n<meta name=\"twitter:card\" content=\"summary_large_image\" \/>\n<meta name=\"twitter:label1\" content=\"\u00c9crit par\" \/>\n\t<meta name=\"twitter:data1\" content=\"Anne Berthomier\" \/>\n\t<meta name=\"twitter:label2\" content=\"Dur\u00e9e de lecture estim\u00e9e\" \/>\n\t<meta name=\"twitter:data2\" content=\"2 minutes\" \/>\n<script type=\"application\/ld+json\" class=\"yoast-schema-graph\">{\"@context\":\"https:\/\/schema.org\",\"@graph\":[{\"@type\":\"Article\",\"@id\":\"https:\/\/www.institut-myologie.org\/imotion\/2016\/11\/15\/pour-linauguration\/#article\",\"isPartOf\":{\"@id\":\"https:\/\/www.institut-myologie.org\/imotion\/2016\/11\/15\/pour-linauguration\/\"},\"author\":{\"name\":\"Anne Berthomier\",\"@id\":\"https:\/\/www.institut-myologie.org\/imotion\/#\/schema\/person\/ecf0b87715a026a200491fe2d7649def\"},\"headline\":\"Inauguration\",\"datePublished\":\"2016-11-15T16:31:22+00:00\",\"dateModified\":\"2021-12-15T10:46:30+00:00\",\"mainEntityOfPage\":{\"@id\":\"https:\/\/www.institut-myologie.org\/imotion\/2016\/11\/15\/pour-linauguration\/\"},\"wordCount\":346,\"publisher\":{\"@id\":\"https:\/\/www.institut-myologie.org\/imotion\/#organization\"},\"image\":{\"@id\":\"https:\/\/www.institut-myologie.org\/imotion\/2016\/11\/15\/pour-linauguration\/#primaryimage\"},\"thumbnailUrl\":\"https:\/\/www.institut-myologie.org\/imotion\/wp-content\/uploads\/2016\/11\/actu-imotion-inauguration2-300x200.jpg\",\"articleSection\":[\"Actualit\u00e9s Institut\"],\"inLanguage\":\"fr-FR\"},{\"@type\":\"WebPage\",\"@id\":\"https:\/\/www.institut-myologie.org\/imotion\/2016\/11\/15\/pour-linauguration\/\",\"url\":\"https:\/\/www.institut-myologie.org\/imotion\/2016\/11\/15\/pour-linauguration\/\",\"name\":\"Inauguration - I-Motion\",\"isPartOf\":{\"@id\":\"https:\/\/www.institut-myologie.org\/imotion\/#website\"},\"primaryImageOfPage\":{\"@id\":\"https:\/\/www.institut-myologie.org\/imotion\/2016\/11\/15\/pour-linauguration\/#primaryimage\"},\"image\":{\"@id\":\"https:\/\/www.institut-myologie.org\/imotion\/2016\/11\/15\/pour-linauguration\/#primaryimage\"},\"thumbnailUrl\":\"https:\/\/www.institut-myologie.org\/imotion\/wp-content\/uploads\/2016\/11\/actu-imotion-inauguration2-300x200.jpg\",\"datePublished\":\"2016-11-15T16:31:22+00:00\",\"dateModified\":\"2021-12-15T10:46:30+00:00\",\"breadcrumb\":{\"@id\":\"https:\/\/www.institut-myologie.org\/imotion\/2016\/11\/15\/pour-linauguration\/#breadcrumb\"},\"inLanguage\":\"fr-FR\",\"potentialAction\":[{\"@type\":\"ReadAction\",\"target\":[\"https:\/\/www.institut-myologie.org\/imotion\/2016\/11\/15\/pour-linauguration\/\"]}]},{\"@type\":\"ImageObject\",\"inLanguage\":\"fr-FR\",\"@id\":\"https:\/\/www.institut-myologie.org\/imotion\/2016\/11\/15\/pour-linauguration\/#primaryimage\",\"url\":\"https:\/\/www.institut-myologie.org\/imotion\/wp-content\/uploads\/2016\/11\/actu-imotion-inauguration2.jpg\",\"contentUrl\":\"https:\/\/www.institut-myologie.org\/imotion\/wp-content\/uploads\/2016\/11\/actu-imotion-inauguration2.jpg\",\"width\":1000,\"height\":667},{\"@type\":\"BreadcrumbList\",\"@id\":\"https:\/\/www.institut-myologie.org\/imotion\/2016\/11\/15\/pour-linauguration\/#breadcrumb\",\"itemListElement\":[{\"@type\":\"ListItem\",\"position\":1,\"name\":\"Home\",\"item\":\"https:\/\/www.institut-myologie.org\/imotion\/\"},{\"@type\":\"ListItem\",\"position\":2,\"name\":\"Inauguration\"}]},{\"@type\":\"WebSite\",\"@id\":\"https:\/\/www.institut-myologie.org\/imotion\/#website\",\"url\":\"https:\/\/www.institut-myologie.org\/imotion\/\",\"name\":\"I-Motion\",\"description\":\"Plateforme d&#039;essais cliniques p\u00e9diatriques pour les maladies neuromusculaires\",\"publisher\":{\"@id\":\"https:\/\/www.institut-myologie.org\/imotion\/#organization\"},\"potentialAction\":[{\"@type\":\"SearchAction\",\"target\":{\"@type\":\"EntryPoint\",\"urlTemplate\":\"https:\/\/www.institut-myologie.org\/imotion\/?s={search_term_string}\"},\"query-input\":{\"@type\":\"PropertyValueSpecification\",\"valueRequired\":true,\"valueName\":\"search_term_string\"}}],\"inLanguage\":\"fr-FR\"},{\"@type\":\"Organization\",\"@id\":\"https:\/\/www.institut-myologie.org\/imotion\/#organization\",\"name\":\"Institut I-Motion\",\"url\":\"https:\/\/www.institut-myologie.org\/imotion\/\",\"logo\":{\"@type\":\"ImageObject\",\"inLanguage\":\"fr-FR\",\"@id\":\"https:\/\/www.institut-myologie.org\/imotion\/#\/schema\/logo\/image\/\",\"url\":\"https:\/\/www.institut-myologie.org\/imotion\/wp-content\/uploads\/2016\/08\/logoImotion.png\",\"contentUrl\":\"https:\/\/www.institut-myologie.org\/imotion\/wp-content\/uploads\/2016\/08\/logoImotion.png\",\"width\":150,\"height\":51,\"caption\":\"Institut I-Motion\"},\"image\":{\"@id\":\"https:\/\/www.institut-myologie.org\/imotion\/#\/schema\/logo\/image\/\"}},{\"@type\":\"Person\",\"@id\":\"https:\/\/www.institut-myologie.org\/imotion\/#\/schema\/person\/ecf0b87715a026a200491fe2d7649def\",\"name\":\"Anne Berthomier\",\"image\":{\"@type\":\"ImageObject\",\"inLanguage\":\"fr-FR\",\"@id\":\"https:\/\/www.institut-myologie.org\/imotion\/#\/schema\/person\/image\/\",\"url\":\"https:\/\/secure.gravatar.com\/avatar\/86282695a210f7767b59efc8eb542fb81270ad9c1a9d8bb3bccd9ab2f96782e6?s=96&d=mm&r=g\",\"contentUrl\":\"https:\/\/secure.gravatar.com\/avatar\/86282695a210f7767b59efc8eb542fb81270ad9c1a9d8bb3bccd9ab2f96782e6?s=96&d=mm&r=g\",\"caption\":\"Anne Berthomier\"}}]}<\/script>\n<!-- \/ Yoast SEO plugin. -->","yoast_head_json":{"title":"Inauguration - I-Motion","robots":{"index":"index","follow":"follow","max-snippet":"max-snippet:-1","max-image-preview":"max-image-preview:large","max-video-preview":"max-video-preview:-1"},"canonical":"https:\/\/www.institut-myologie.org\/imotion\/2016\/11\/15\/pour-linauguration\/","og_locale":"fr_FR","og_type":"article","og_title":"Inauguration - I-Motion","og_description":"Ch\u00e8res amies, chers amis, nous tenions, l\u2019\u00e9quipe et moi-m\u00eame vous remercier pour votre visite sur le site. Et comme t\u00e9moignage de cette reconnaissance, nous d\u00e9sirons vous offrir un cadeau, un cadeau assez inhabituel : un voyage.","og_url":"https:\/\/www.institut-myologie.org\/imotion\/2016\/11\/15\/pour-linauguration\/","og_site_name":"I-Motion","article_published_time":"2016-11-15T16:31:22+00:00","article_modified_time":"2021-12-15T10:46:30+00:00","og_image":[{"url":"https:\/\/www.institut-myologie.org\/imotion\/wp-content\/uploads\/2016\/11\/actu-imotion-inauguration2-300x200.jpg","type":"","width":"","height":""}],"author":"Anne Berthomier","twitter_card":"summary_large_image","twitter_misc":{"\u00c9crit par":"Anne Berthomier","Dur\u00e9e de lecture estim\u00e9e":"2 minutes"},"schema":{"@context":"https:\/\/schema.org","@graph":[{"@type":"Article","@id":"https:\/\/www.institut-myologie.org\/imotion\/2016\/11\/15\/pour-linauguration\/#article","isPartOf":{"@id":"https:\/\/www.institut-myologie.org\/imotion\/2016\/11\/15\/pour-linauguration\/"},"author":{"name":"Anne Berthomier","@id":"https:\/\/www.institut-myologie.org\/imotion\/#\/schema\/person\/ecf0b87715a026a200491fe2d7649def"},"headline":"Inauguration","datePublished":"2016-11-15T16:31:22+00:00","dateModified":"2021-12-15T10:46:30+00:00","mainEntityOfPage":{"@id":"https:\/\/www.institut-myologie.org\/imotion\/2016\/11\/15\/pour-linauguration\/"},"wordCount":346,"publisher":{"@id":"https:\/\/www.institut-myologie.org\/imotion\/#organization"},"image":{"@id":"https:\/\/www.institut-myologie.org\/imotion\/2016\/11\/15\/pour-linauguration\/#primaryimage"},"thumbnailUrl":"https:\/\/www.institut-myologie.org\/imotion\/wp-content\/uploads\/2016\/11\/actu-imotion-inauguration2-300x200.jpg","articleSection":["Actualit\u00e9s Institut"],"inLanguage":"fr-FR"},{"@type":"WebPage","@id":"https:\/\/www.institut-myologie.org\/imotion\/2016\/11\/15\/pour-linauguration\/","url":"https:\/\/www.institut-myologie.org\/imotion\/2016\/11\/15\/pour-linauguration\/","name":"Inauguration - I-Motion","isPartOf":{"@id":"https:\/\/www.institut-myologie.org\/imotion\/#website"},"primaryImageOfPage":{"@id":"https:\/\/www.institut-myologie.org\/imotion\/2016\/11\/15\/pour-linauguration\/#primaryimage"},"image":{"@id":"https:\/\/www.institut-myologie.org\/imotion\/2016\/11\/15\/pour-linauguration\/#primaryimage"},"thumbnailUrl":"https:\/\/www.institut-myologie.org\/imotion\/wp-content\/uploads\/2016\/11\/actu-imotion-inauguration2-300x200.jpg","datePublished":"2016-11-15T16:31:22+00:00","dateModified":"2021-12-15T10:46:30+00:00","breadcrumb":{"@id":"https:\/\/www.institut-myologie.org\/imotion\/2016\/11\/15\/pour-linauguration\/#breadcrumb"},"inLanguage":"fr-FR","potentialAction":[{"@type":"ReadAction","target":["https:\/\/www.institut-myologie.org\/imotion\/2016\/11\/15\/pour-linauguration\/"]}]},{"@type":"ImageObject","inLanguage":"fr-FR","@id":"https:\/\/www.institut-myologie.org\/imotion\/2016\/11\/15\/pour-linauguration\/#primaryimage","url":"https:\/\/www.institut-myologie.org\/imotion\/wp-content\/uploads\/2016\/11\/actu-imotion-inauguration2.jpg","contentUrl":"https:\/\/www.institut-myologie.org\/imotion\/wp-content\/uploads\/2016\/11\/actu-imotion-inauguration2.jpg","width":1000,"height":667},{"@type":"BreadcrumbList","@id":"https:\/\/www.institut-myologie.org\/imotion\/2016\/11\/15\/pour-linauguration\/#breadcrumb","itemListElement":[{"@type":"ListItem","position":1,"name":"Home","item":"https:\/\/www.institut-myologie.org\/imotion\/"},{"@type":"ListItem","position":2,"name":"Inauguration"}]},{"@type":"WebSite","@id":"https:\/\/www.institut-myologie.org\/imotion\/#website","url":"https:\/\/www.institut-myologie.org\/imotion\/","name":"I-Motion","description":"Plateforme d&#039;essais cliniques p\u00e9diatriques pour les maladies neuromusculaires","publisher":{"@id":"https:\/\/www.institut-myologie.org\/imotion\/#organization"},"potentialAction":[{"@type":"SearchAction","target":{"@type":"EntryPoint","urlTemplate":"https:\/\/www.institut-myologie.org\/imotion\/?s={search_term_string}"},"query-input":{"@type":"PropertyValueSpecification","valueRequired":true,"valueName":"search_term_string"}}],"inLanguage":"fr-FR"},{"@type":"Organization","@id":"https:\/\/www.institut-myologie.org\/imotion\/#organization","name":"Institut I-Motion","url":"https:\/\/www.institut-myologie.org\/imotion\/","logo":{"@type":"ImageObject","inLanguage":"fr-FR","@id":"https:\/\/www.institut-myologie.org\/imotion\/#\/schema\/logo\/image\/","url":"https:\/\/www.institut-myologie.org\/imotion\/wp-content\/uploads\/2016\/08\/logoImotion.png","contentUrl":"https:\/\/www.institut-myologie.org\/imotion\/wp-content\/uploads\/2016\/08\/logoImotion.png","width":150,"height":51,"caption":"Institut I-Motion"},"image":{"@id":"https:\/\/www.institut-myologie.org\/imotion\/#\/schema\/logo\/image\/"}},{"@type":"Person","@id":"https:\/\/www.institut-myologie.org\/imotion\/#\/schema\/person\/ecf0b87715a026a200491fe2d7649def","name":"Anne Berthomier","image":{"@type":"ImageObject","inLanguage":"fr-FR","@id":"https:\/\/www.institut-myologie.org\/imotion\/#\/schema\/person\/image\/","url":"https:\/\/secure.gravatar.com\/avatar\/86282695a210f7767b59efc8eb542fb81270ad9c1a9d8bb3bccd9ab2f96782e6?s=96&d=mm&r=g","contentUrl":"https:\/\/secure.gravatar.com\/avatar\/86282695a210f7767b59efc8eb542fb81270ad9c1a9d8bb3bccd9ab2f96782e6?s=96&d=mm&r=g","caption":"Anne Berthomier"}}]}},"_links":{"self":[{"href":"https:\/\/www.institut-myologie.org\/imotion\/wp-json\/wp\/v2\/posts\/490","targetHints":{"allow":["GET"]}}],"collection":[{"href":"https:\/\/www.institut-myologie.org\/imotion\/wp-json\/wp\/v2\/posts"}],"about":[{"href":"https:\/\/www.institut-myologie.org\/imotion\/wp-json\/wp\/v2\/types\/post"}],"author":[{"embeddable":true,"href":"https:\/\/www.institut-myologie.org\/imotion\/wp-json\/wp\/v2\/users\/3"}],"replies":[{"embeddable":true,"href":"https:\/\/www.institut-myologie.org\/imotion\/wp-json\/wp\/v2\/comments?post=490"}],"version-history":[{"count":15,"href":"https:\/\/www.institut-myologie.org\/imotion\/wp-json\/wp\/v2\/posts\/490\/revisions"}],"predecessor-version":[{"id":2731,"href":"https:\/\/www.institut-myologie.org\/imotion\/wp-json\/wp\/v2\/posts\/490\/revisions\/2731"}],"wp:attachment":[{"href":"https:\/\/www.institut-myologie.org\/imotion\/wp-json\/wp\/v2\/media?parent=490"}],"wp:term":[{"taxonomy":"category","embeddable":true,"href":"https:\/\/www.institut-myologie.org\/imotion\/wp-json\/wp\/v2\/categories?post=490"},{"taxonomy":"post_tag","embeddable":true,"href":"https:\/\/www.institut-myologie.org\/imotion\/wp-json\/wp\/v2\/tags?post=490"}],"curies":[{"name":"wp","href":"https:\/\/api.w.org\/{rel}","templated":true}]}}