{"id":2990,"date":"2025-01-10T12:06:00","date_gmt":"2025-01-10T10:06:00","guid":{"rendered":"https:\/\/www.institut-myologie.org\/imotion\/?p=2990"},"modified":"2025-01-30T12:09:16","modified_gmt":"2025-01-30T10:09:16","slug":"2025-un-geste-pour-le-muscle-une-promesse-pour-la-sante-de-tous","status":"publish","type":"post","link":"https:\/\/www.institut-myologie.org\/imotion\/2025\/01\/10\/2025-un-geste-pour-le-muscle-une-promesse-pour-la-sante-de-tous\/","title":{"rendered":"2025, un geste pour le muscle, une promesse pour la sant\u00e9 de tous !"},"content":{"rendered":"\n<figure class=\"wp-block-image size-large\"><img loading=\"lazy\" decoding=\"async\" width=\"1024\" height=\"512\" src=\"https:\/\/www.institut-myologie.org\/imotion\/wp-content\/uploads\/2025\/01\/Carte-de-voeux_Institut_2025-1024x512.jpeg\" alt=\"\" class=\"wp-image-2991\" srcset=\"https:\/\/www.institut-myologie.org\/imotion\/wp-content\/uploads\/2025\/01\/Carte-de-voeux_Institut_2025-1024x512.jpeg 1024w, https:\/\/www.institut-myologie.org\/imotion\/wp-content\/uploads\/2025\/01\/Carte-de-voeux_Institut_2025-300x150.jpeg 300w, https:\/\/www.institut-myologie.org\/imotion\/wp-content\/uploads\/2025\/01\/Carte-de-voeux_Institut_2025-768x384.jpeg 768w, https:\/\/www.institut-myologie.org\/imotion\/wp-content\/uploads\/2025\/01\/Carte-de-voeux_Institut_2025.jpeg 1536w\" sizes=\"auto, (max-width: 1024px) 100vw, 1024px\" \/><\/figure>\n\n\n\n<p><em>Chers patients et familles,<\/em><br><em>Chers donateurs,<\/em><br><em>Chers partenaires,<\/em><\/p>\n\n\n\n<p><em>L\u2019ensemble des \u00e9quipes et collaborateurs de l\u2019Institut de Myologie vous adresse ses meilleurs v\u0153ux de bonheur, r\u00e9ussite et sant\u00e9 pour 2025.<\/em><\/p>\n\n\n\n<p><em>Nous remercions chaleureusement nos g\u00e9n\u00e9reux donateurs qui nous ont soutenus en 2024, ann\u00e9e riche en \u00e9v\u00e9nements et en projets structurants, marqu\u00e9e par de belles avanc\u00e9es scientifiques et th\u00e9rapeutiques comme en t\u00e9moignent notamment&nbsp;: l\u2019augmentation des essais cliniques men\u00e9s \u00e0 l\u2019Institut \u2013 pr\u00e8s de 40 essais adultes et 20 essais p\u00e9diatriques en cours -, le d\u00e9ploiement de nouvelles plateformes&nbsp; d\u2019expertises sur le muscle et d\u2019innovations technologiques de pointe en imagerie, des projets scientifiques de haut vol valoris\u00e9s et r\u00e9compens\u00e9s par de nombreux prix\u2026<\/em><\/p>\n\n\n\n<p><em>Nous avons \u00e9galement franchi de nouvelles \u00e9tapes importantes vers notre projet de Fondation.<\/em><\/p>\n\n\n\n<p><em>Votre soutien sans faille et votre confiance renouvel\u00e9e sont essentiels pour la poursuite et l\u2019acc\u00e9l\u00e9ration des activit\u00e9s de recherche et de soins men\u00e9es dans les laboratoires et les diff\u00e9rents services de l\u2019Institut de Myologie.&nbsp;<\/em><\/p>\n\n\n\n<p><em>Nos chercheurs explorent sans rel\u00e2che de nouvelles pistes pour mieux comprendre le Muscle et d\u00e9velopper de nouvelles solutions diagnostiques et th\u00e9rapeutiques afin de combattre les maladies neuromusculaires.<\/em><\/p>\n\n\n\n<p><em>Chacun de vos dons nous permet d\u2019aller toujours plus loin dans nos projets et nos avanc\u00e9es scientifiques et m\u00e9dicales au profit des maladies rares et dans la promotion de la connaissance sur le Muscle et la Myologie, afin de d\u00e9montrer au plus grand nombre l\u2019enjeu de sant\u00e9 publique que le muscle repr\u00e9sente !<\/em><\/p>\n\n\n\n<p><em>Chaque nouvelle piste d\u2019\u00e9tude, de recherche, d\u2019essai clinique\u2026 requiert un engagement \u00e0 long terme et des moyens adapt\u00e9s&nbsp;: les progr\u00e8s de demain reposent sur la recherche de pointe d\u2019aujourd\u2019hui. Il est donc essentiel de maintenir au quotidien l\u2019excellence et l\u2019innovation au c\u0153ur de nos missions et de nos collaborations !<\/em><\/p>\n\n\n\n<p><em>Que cette nouvelle ann\u00e9e voie se concr\u00e9tiser de nouvelles avanc\u00e9es sur ces th\u00e9matiques et nous permette d\u2019accomplir les projets qui nous tiennent \u00e0 c\u0153ur, notamment pour les patients.&nbsp;<\/em><\/p>\n\n\n\n<p><em>Ensemble, nous portons avec un engagement fort notre&nbsp;<strong>Ambition de Fondation de Myologie&nbsp;!<\/strong><\/em><\/p>\n\n\n\n<p><em>Dans la lutte contre la maladie, chaque geste compte.<br>Merci de votre con\ufb01ance sans faille et de tout ce que vous faites pour nous et surtout AVEC NOUS !<\/em><\/p>\n\n\n\n<p><em>Pour continuer \u00e0 nous soutenir, cliquez ici &gt;&nbsp;<\/em><a href=\"https:\/\/eur03.safelinks.protection.outlook.com\/?url=https%3A%2F%2Fambitionfondationdemyologie.org%2Faccueil-aim&amp;data=05%7C02%7C%7Cc98666519efe48cf60cf08dd3167d88c%7Cf6b5bf2f206e4176a3ade13bbd65c985%7C0%7C0%7C638721044272580937%7CUnknown%7CTWFpbGZsb3d8eyJFbXB0eU1hcGkiOnRydWUsIlYiOiIwLjAuMDAwMCIsIlAiOiJXaW4zMiIsIkFOIjoiTWFpbCIsIldUIjoyfQ%3D%3D%7C0%7C%7C%7C&amp;sdata=T9GlVf8d9Rmive0dPkLqPxhuguUwT%2FGzBUVoh91RNhI%3D&amp;reserved=0\"><em>https:\/\/ambitionfondationdemyologie.org<\/em><\/a><\/p>\n\n\n\n<p><em>Merci \u00e0 tous.<\/em><\/p>\n\n\n\n<p><em>Dr Vincent Varlet, Secr\u00e9taire G\u00e9n\u00e9ral de l\u2019Institut de Myologie<br>Pr Bertrand Fontaine, Directeur M\u00e9dical et Scientifique de l\u2019Institut de Myologie<\/em><br><em>Pr Fabrice Chr\u00e9tien, Directeur de la Strat\u00e9gie scientifique de l\u2019Institut de Myologie<\/em><\/p>\n","protected":false},"excerpt":{"rendered":"<p>Chers patients et familles,Chers donateurs,Chers partenaires, L\u2019ensemble des \u00e9quipes et collaborateurs de l\u2019Institut de Myologie vous adresse ses meilleurs v\u0153ux de bonheur, r\u00e9ussite et sant\u00e9 pour 2025. Nous remercions chaleureusement nos g\u00e9n\u00e9reux donateurs qui nous ont soutenus en 2024, ann\u00e9e riche en \u00e9v\u00e9nements et en projets structurants, marqu\u00e9e par de belles avanc\u00e9es scientifiques et th\u00e9rapeutiques &hellip; <a href=\"https:\/\/www.institut-myologie.org\/imotion\/2025\/01\/10\/2025-un-geste-pour-le-muscle-une-promesse-pour-la-sante-de-tous\/\">Continued<\/a><\/p>\n","protected":false},"author":3,"featured_media":0,"comment_status":"closed","ping_status":"closed","sticky":false,"template":"","format":"standard","meta":{"_acf_changed":false,"footnotes":""},"categories":[1],"tags":[],"class_list":["post-2990","post","type-post","status-publish","format-standard","hentry","category-non-classifiee"],"acf":[],"yoast_head":"<!-- This site is optimized with the Yoast SEO plugin v27.1.1 - https:\/\/yoast.com\/product\/yoast-seo-wordpress\/ -->\n<title>2025, un geste pour le muscle, une promesse pour la sant\u00e9 de tous ! - I-Motion<\/title>\n<meta name=\"robots\" content=\"index, follow, max-snippet:-1, max-image-preview:large, max-video-preview:-1\" \/>\n<link rel=\"canonical\" href=\"https:\/\/www.institut-myologie.org\/imotion\/2025\/01\/10\/2025-un-geste-pour-le-muscle-une-promesse-pour-la-sante-de-tous\/\" \/>\n<meta property=\"og:locale\" content=\"fr_FR\" \/>\n<meta property=\"og:type\" content=\"article\" \/>\n<meta property=\"og:title\" content=\"2025, un geste pour le muscle, une promesse pour la sant\u00e9 de tous ! - I-Motion\" \/>\n<meta property=\"og:description\" content=\"Chers patients et familles,Chers donateurs,Chers partenaires, L\u2019ensemble des \u00e9quipes et collaborateurs de l\u2019Institut de Myologie vous adresse ses meilleurs v\u0153ux de bonheur, r\u00e9ussite et sant\u00e9 pour 2025. Nous remercions chaleureusement nos g\u00e9n\u00e9reux donateurs qui nous ont soutenus en 2024, ann\u00e9e riche en \u00e9v\u00e9nements et en projets structurants, marqu\u00e9e par de belles avanc\u00e9es scientifiques et th\u00e9rapeutiques &hellip; Continued\" \/>\n<meta property=\"og:url\" content=\"https:\/\/www.institut-myologie.org\/imotion\/2025\/01\/10\/2025-un-geste-pour-le-muscle-une-promesse-pour-la-sante-de-tous\/\" \/>\n<meta property=\"og:site_name\" content=\"I-Motion\" \/>\n<meta property=\"article:published_time\" content=\"2025-01-10T10:06:00+00:00\" \/>\n<meta property=\"article:modified_time\" content=\"2025-01-30T10:09:16+00:00\" \/>\n<meta property=\"og:image\" content=\"https:\/\/www.institut-myologie.org\/imotion\/wp-content\/uploads\/2025\/01\/Carte-de-voeux_Institut_2025.jpeg\" \/>\n\t<meta property=\"og:image:width\" content=\"1536\" \/>\n\t<meta property=\"og:image:height\" content=\"768\" \/>\n\t<meta property=\"og:image:type\" content=\"image\/jpeg\" \/>\n<meta name=\"author\" content=\"Anne Berthomier\" \/>\n<meta name=\"twitter:card\" content=\"summary_large_image\" \/>\n<meta name=\"twitter:label1\" content=\"\u00c9crit par\" \/>\n\t<meta name=\"twitter:data1\" content=\"Anne Berthomier\" \/>\n\t<meta name=\"twitter:label2\" content=\"Dur\u00e9e de lecture estim\u00e9e\" \/>\n\t<meta name=\"twitter:data2\" content=\"3 minutes\" \/>\n<script type=\"application\/ld+json\" class=\"yoast-schema-graph\">{\"@context\":\"https:\/\/schema.org\",\"@graph\":[{\"@type\":\"Article\",\"@id\":\"https:\/\/www.institut-myologie.org\/imotion\/2025\/01\/10\/2025-un-geste-pour-le-muscle-une-promesse-pour-la-sante-de-tous\/#article\",\"isPartOf\":{\"@id\":\"https:\/\/www.institut-myologie.org\/imotion\/2025\/01\/10\/2025-un-geste-pour-le-muscle-une-promesse-pour-la-sante-de-tous\/\"},\"author\":{\"name\":\"Anne Berthomier\",\"@id\":\"https:\/\/www.institut-myologie.org\/imotion\/#\/schema\/person\/ecf0b87715a026a200491fe2d7649def\"},\"headline\":\"2025, un geste pour le muscle, une promesse pour la sant\u00e9 de tous !\",\"datePublished\":\"2025-01-10T10:06:00+00:00\",\"dateModified\":\"2025-01-30T10:09:16+00:00\",\"mainEntityOfPage\":{\"@id\":\"https:\/\/www.institut-myologie.org\/imotion\/2025\/01\/10\/2025-un-geste-pour-le-muscle-une-promesse-pour-la-sante-de-tous\/\"},\"wordCount\":474,\"publisher\":{\"@id\":\"https:\/\/www.institut-myologie.org\/imotion\/#organization\"},\"image\":{\"@id\":\"https:\/\/www.institut-myologie.org\/imotion\/2025\/01\/10\/2025-un-geste-pour-le-muscle-une-promesse-pour-la-sante-de-tous\/#primaryimage\"},\"thumbnailUrl\":\"https:\/\/www.institut-myologie.org\/imotion\/wp-content\/uploads\/2025\/01\/Carte-de-voeux_Institut_2025-1024x512.jpeg\",\"articleSection\":[\"Non classifi\u00e9(e)\"],\"inLanguage\":\"fr-FR\"},{\"@type\":\"WebPage\",\"@id\":\"https:\/\/www.institut-myologie.org\/imotion\/2025\/01\/10\/2025-un-geste-pour-le-muscle-une-promesse-pour-la-sante-de-tous\/\",\"url\":\"https:\/\/www.institut-myologie.org\/imotion\/2025\/01\/10\/2025-un-geste-pour-le-muscle-une-promesse-pour-la-sante-de-tous\/\",\"name\":\"2025, un geste pour le muscle, une promesse pour la sant\u00e9 de tous ! - I-Motion\",\"isPartOf\":{\"@id\":\"https:\/\/www.institut-myologie.org\/imotion\/#website\"},\"primaryImageOfPage\":{\"@id\":\"https:\/\/www.institut-myologie.org\/imotion\/2025\/01\/10\/2025-un-geste-pour-le-muscle-une-promesse-pour-la-sante-de-tous\/#primaryimage\"},\"image\":{\"@id\":\"https:\/\/www.institut-myologie.org\/imotion\/2025\/01\/10\/2025-un-geste-pour-le-muscle-une-promesse-pour-la-sante-de-tous\/#primaryimage\"},\"thumbnailUrl\":\"https:\/\/www.institut-myologie.org\/imotion\/wp-content\/uploads\/2025\/01\/Carte-de-voeux_Institut_2025-1024x512.jpeg\",\"datePublished\":\"2025-01-10T10:06:00+00:00\",\"dateModified\":\"2025-01-30T10:09:16+00:00\",\"breadcrumb\":{\"@id\":\"https:\/\/www.institut-myologie.org\/imotion\/2025\/01\/10\/2025-un-geste-pour-le-muscle-une-promesse-pour-la-sante-de-tous\/#breadcrumb\"},\"inLanguage\":\"fr-FR\",\"potentialAction\":[{\"@type\":\"ReadAction\",\"target\":[\"https:\/\/www.institut-myologie.org\/imotion\/2025\/01\/10\/2025-un-geste-pour-le-muscle-une-promesse-pour-la-sante-de-tous\/\"]}]},{\"@type\":\"ImageObject\",\"inLanguage\":\"fr-FR\",\"@id\":\"https:\/\/www.institut-myologie.org\/imotion\/2025\/01\/10\/2025-un-geste-pour-le-muscle-une-promesse-pour-la-sante-de-tous\/#primaryimage\",\"url\":\"https:\/\/www.institut-myologie.org\/imotion\/wp-content\/uploads\/2025\/01\/Carte-de-voeux_Institut_2025.jpeg\",\"contentUrl\":\"https:\/\/www.institut-myologie.org\/imotion\/wp-content\/uploads\/2025\/01\/Carte-de-voeux_Institut_2025.jpeg\",\"width\":1536,\"height\":768},{\"@type\":\"BreadcrumbList\",\"@id\":\"https:\/\/www.institut-myologie.org\/imotion\/2025\/01\/10\/2025-un-geste-pour-le-muscle-une-promesse-pour-la-sante-de-tous\/#breadcrumb\",\"itemListElement\":[{\"@type\":\"ListItem\",\"position\":1,\"name\":\"Home\",\"item\":\"https:\/\/www.institut-myologie.org\/imotion\/\"},{\"@type\":\"ListItem\",\"position\":2,\"name\":\"2025, un geste pour le muscle, une promesse pour la sant\u00e9 de tous !\"}]},{\"@type\":\"WebSite\",\"@id\":\"https:\/\/www.institut-myologie.org\/imotion\/#website\",\"url\":\"https:\/\/www.institut-myologie.org\/imotion\/\",\"name\":\"I-Motion\",\"description\":\"Plateforme d&#039;essais cliniques p\u00e9diatriques pour les maladies neuromusculaires\",\"publisher\":{\"@id\":\"https:\/\/www.institut-myologie.org\/imotion\/#organization\"},\"potentialAction\":[{\"@type\":\"SearchAction\",\"target\":{\"@type\":\"EntryPoint\",\"urlTemplate\":\"https:\/\/www.institut-myologie.org\/imotion\/?s={search_term_string}\"},\"query-input\":{\"@type\":\"PropertyValueSpecification\",\"valueRequired\":true,\"valueName\":\"search_term_string\"}}],\"inLanguage\":\"fr-FR\"},{\"@type\":\"Organization\",\"@id\":\"https:\/\/www.institut-myologie.org\/imotion\/#organization\",\"name\":\"Institut I-Motion\",\"url\":\"https:\/\/www.institut-myologie.org\/imotion\/\",\"logo\":{\"@type\":\"ImageObject\",\"inLanguage\":\"fr-FR\",\"@id\":\"https:\/\/www.institut-myologie.org\/imotion\/#\/schema\/logo\/image\/\",\"url\":\"https:\/\/www.institut-myologie.org\/imotion\/wp-content\/uploads\/2016\/08\/logoImotion.png\",\"contentUrl\":\"https:\/\/www.institut-myologie.org\/imotion\/wp-content\/uploads\/2016\/08\/logoImotion.png\",\"width\":150,\"height\":51,\"caption\":\"Institut I-Motion\"},\"image\":{\"@id\":\"https:\/\/www.institut-myologie.org\/imotion\/#\/schema\/logo\/image\/\"}},{\"@type\":\"Person\",\"@id\":\"https:\/\/www.institut-myologie.org\/imotion\/#\/schema\/person\/ecf0b87715a026a200491fe2d7649def\",\"name\":\"Anne Berthomier\",\"image\":{\"@type\":\"ImageObject\",\"inLanguage\":\"fr-FR\",\"@id\":\"https:\/\/www.institut-myologie.org\/imotion\/#\/schema\/person\/image\/\",\"url\":\"https:\/\/secure.gravatar.com\/avatar\/86282695a210f7767b59efc8eb542fb81270ad9c1a9d8bb3bccd9ab2f96782e6?s=96&d=mm&r=g\",\"contentUrl\":\"https:\/\/secure.gravatar.com\/avatar\/86282695a210f7767b59efc8eb542fb81270ad9c1a9d8bb3bccd9ab2f96782e6?s=96&d=mm&r=g\",\"caption\":\"Anne Berthomier\"}}]}<\/script>\n<!-- \/ Yoast SEO plugin. -->","yoast_head_json":{"title":"2025, un geste pour le muscle, une promesse pour la sant\u00e9 de tous ! - I-Motion","robots":{"index":"index","follow":"follow","max-snippet":"max-snippet:-1","max-image-preview":"max-image-preview:large","max-video-preview":"max-video-preview:-1"},"canonical":"https:\/\/www.institut-myologie.org\/imotion\/2025\/01\/10\/2025-un-geste-pour-le-muscle-une-promesse-pour-la-sante-de-tous\/","og_locale":"fr_FR","og_type":"article","og_title":"2025, un geste pour le muscle, une promesse pour la sant\u00e9 de tous ! - I-Motion","og_description":"Chers patients et familles,Chers donateurs,Chers partenaires, L\u2019ensemble des \u00e9quipes et collaborateurs de l\u2019Institut de Myologie vous adresse ses meilleurs v\u0153ux de bonheur, r\u00e9ussite et sant\u00e9 pour 2025. Nous remercions chaleureusement nos g\u00e9n\u00e9reux donateurs qui nous ont soutenus en 2024, ann\u00e9e riche en \u00e9v\u00e9nements et en projets structurants, marqu\u00e9e par de belles avanc\u00e9es scientifiques et th\u00e9rapeutiques &hellip; Continued","og_url":"https:\/\/www.institut-myologie.org\/imotion\/2025\/01\/10\/2025-un-geste-pour-le-muscle-une-promesse-pour-la-sante-de-tous\/","og_site_name":"I-Motion","article_published_time":"2025-01-10T10:06:00+00:00","article_modified_time":"2025-01-30T10:09:16+00:00","og_image":[{"width":1536,"height":768,"url":"https:\/\/www.institut-myologie.org\/imotion\/wp-content\/uploads\/2025\/01\/Carte-de-voeux_Institut_2025.jpeg","type":"image\/jpeg"}],"author":"Anne Berthomier","twitter_card":"summary_large_image","twitter_misc":{"\u00c9crit par":"Anne Berthomier","Dur\u00e9e de lecture estim\u00e9e":"3 minutes"},"schema":{"@context":"https:\/\/schema.org","@graph":[{"@type":"Article","@id":"https:\/\/www.institut-myologie.org\/imotion\/2025\/01\/10\/2025-un-geste-pour-le-muscle-une-promesse-pour-la-sante-de-tous\/#article","isPartOf":{"@id":"https:\/\/www.institut-myologie.org\/imotion\/2025\/01\/10\/2025-un-geste-pour-le-muscle-une-promesse-pour-la-sante-de-tous\/"},"author":{"name":"Anne Berthomier","@id":"https:\/\/www.institut-myologie.org\/imotion\/#\/schema\/person\/ecf0b87715a026a200491fe2d7649def"},"headline":"2025, un geste pour le muscle, une promesse pour la sant\u00e9 de tous !","datePublished":"2025-01-10T10:06:00+00:00","dateModified":"2025-01-30T10:09:16+00:00","mainEntityOfPage":{"@id":"https:\/\/www.institut-myologie.org\/imotion\/2025\/01\/10\/2025-un-geste-pour-le-muscle-une-promesse-pour-la-sante-de-tous\/"},"wordCount":474,"publisher":{"@id":"https:\/\/www.institut-myologie.org\/imotion\/#organization"},"image":{"@id":"https:\/\/www.institut-myologie.org\/imotion\/2025\/01\/10\/2025-un-geste-pour-le-muscle-une-promesse-pour-la-sante-de-tous\/#primaryimage"},"thumbnailUrl":"https:\/\/www.institut-myologie.org\/imotion\/wp-content\/uploads\/2025\/01\/Carte-de-voeux_Institut_2025-1024x512.jpeg","articleSection":["Non classifi\u00e9(e)"],"inLanguage":"fr-FR"},{"@type":"WebPage","@id":"https:\/\/www.institut-myologie.org\/imotion\/2025\/01\/10\/2025-un-geste-pour-le-muscle-une-promesse-pour-la-sante-de-tous\/","url":"https:\/\/www.institut-myologie.org\/imotion\/2025\/01\/10\/2025-un-geste-pour-le-muscle-une-promesse-pour-la-sante-de-tous\/","name":"2025, un geste pour le muscle, une promesse pour la sant\u00e9 de tous ! - I-Motion","isPartOf":{"@id":"https:\/\/www.institut-myologie.org\/imotion\/#website"},"primaryImageOfPage":{"@id":"https:\/\/www.institut-myologie.org\/imotion\/2025\/01\/10\/2025-un-geste-pour-le-muscle-une-promesse-pour-la-sante-de-tous\/#primaryimage"},"image":{"@id":"https:\/\/www.institut-myologie.org\/imotion\/2025\/01\/10\/2025-un-geste-pour-le-muscle-une-promesse-pour-la-sante-de-tous\/#primaryimage"},"thumbnailUrl":"https:\/\/www.institut-myologie.org\/imotion\/wp-content\/uploads\/2025\/01\/Carte-de-voeux_Institut_2025-1024x512.jpeg","datePublished":"2025-01-10T10:06:00+00:00","dateModified":"2025-01-30T10:09:16+00:00","breadcrumb":{"@id":"https:\/\/www.institut-myologie.org\/imotion\/2025\/01\/10\/2025-un-geste-pour-le-muscle-une-promesse-pour-la-sante-de-tous\/#breadcrumb"},"inLanguage":"fr-FR","potentialAction":[{"@type":"ReadAction","target":["https:\/\/www.institut-myologie.org\/imotion\/2025\/01\/10\/2025-un-geste-pour-le-muscle-une-promesse-pour-la-sante-de-tous\/"]}]},{"@type":"ImageObject","inLanguage":"fr-FR","@id":"https:\/\/www.institut-myologie.org\/imotion\/2025\/01\/10\/2025-un-geste-pour-le-muscle-une-promesse-pour-la-sante-de-tous\/#primaryimage","url":"https:\/\/www.institut-myologie.org\/imotion\/wp-content\/uploads\/2025\/01\/Carte-de-voeux_Institut_2025.jpeg","contentUrl":"https:\/\/www.institut-myologie.org\/imotion\/wp-content\/uploads\/2025\/01\/Carte-de-voeux_Institut_2025.jpeg","width":1536,"height":768},{"@type":"BreadcrumbList","@id":"https:\/\/www.institut-myologie.org\/imotion\/2025\/01\/10\/2025-un-geste-pour-le-muscle-une-promesse-pour-la-sante-de-tous\/#breadcrumb","itemListElement":[{"@type":"ListItem","position":1,"name":"Home","item":"https:\/\/www.institut-myologie.org\/imotion\/"},{"@type":"ListItem","position":2,"name":"2025, un geste pour le muscle, une promesse pour la sant\u00e9 de tous !"}]},{"@type":"WebSite","@id":"https:\/\/www.institut-myologie.org\/imotion\/#website","url":"https:\/\/www.institut-myologie.org\/imotion\/","name":"I-Motion","description":"Plateforme d&#039;essais cliniques p\u00e9diatriques pour les maladies neuromusculaires","publisher":{"@id":"https:\/\/www.institut-myologie.org\/imotion\/#organization"},"potentialAction":[{"@type":"SearchAction","target":{"@type":"EntryPoint","urlTemplate":"https:\/\/www.institut-myologie.org\/imotion\/?s={search_term_string}"},"query-input":{"@type":"PropertyValueSpecification","valueRequired":true,"valueName":"search_term_string"}}],"inLanguage":"fr-FR"},{"@type":"Organization","@id":"https:\/\/www.institut-myologie.org\/imotion\/#organization","name":"Institut I-Motion","url":"https:\/\/www.institut-myologie.org\/imotion\/","logo":{"@type":"ImageObject","inLanguage":"fr-FR","@id":"https:\/\/www.institut-myologie.org\/imotion\/#\/schema\/logo\/image\/","url":"https:\/\/www.institut-myologie.org\/imotion\/wp-content\/uploads\/2016\/08\/logoImotion.png","contentUrl":"https:\/\/www.institut-myologie.org\/imotion\/wp-content\/uploads\/2016\/08\/logoImotion.png","width":150,"height":51,"caption":"Institut I-Motion"},"image":{"@id":"https:\/\/www.institut-myologie.org\/imotion\/#\/schema\/logo\/image\/"}},{"@type":"Person","@id":"https:\/\/www.institut-myologie.org\/imotion\/#\/schema\/person\/ecf0b87715a026a200491fe2d7649def","name":"Anne Berthomier","image":{"@type":"ImageObject","inLanguage":"fr-FR","@id":"https:\/\/www.institut-myologie.org\/imotion\/#\/schema\/person\/image\/","url":"https:\/\/secure.gravatar.com\/avatar\/86282695a210f7767b59efc8eb542fb81270ad9c1a9d8bb3bccd9ab2f96782e6?s=96&d=mm&r=g","contentUrl":"https:\/\/secure.gravatar.com\/avatar\/86282695a210f7767b59efc8eb542fb81270ad9c1a9d8bb3bccd9ab2f96782e6?s=96&d=mm&r=g","caption":"Anne Berthomier"}}]}},"_links":{"self":[{"href":"https:\/\/www.institut-myologie.org\/imotion\/wp-json\/wp\/v2\/posts\/2990","targetHints":{"allow":["GET"]}}],"collection":[{"href":"https:\/\/www.institut-myologie.org\/imotion\/wp-json\/wp\/v2\/posts"}],"about":[{"href":"https:\/\/www.institut-myologie.org\/imotion\/wp-json\/wp\/v2\/types\/post"}],"author":[{"embeddable":true,"href":"https:\/\/www.institut-myologie.org\/imotion\/wp-json\/wp\/v2\/users\/3"}],"replies":[{"embeddable":true,"href":"https:\/\/www.institut-myologie.org\/imotion\/wp-json\/wp\/v2\/comments?post=2990"}],"version-history":[{"count":3,"href":"https:\/\/www.institut-myologie.org\/imotion\/wp-json\/wp\/v2\/posts\/2990\/revisions"}],"predecessor-version":[{"id":2996,"href":"https:\/\/www.institut-myologie.org\/imotion\/wp-json\/wp\/v2\/posts\/2990\/revisions\/2996"}],"wp:attachment":[{"href":"https:\/\/www.institut-myologie.org\/imotion\/wp-json\/wp\/v2\/media?parent=2990"}],"wp:term":[{"taxonomy":"category","embeddable":true,"href":"https:\/\/www.institut-myologie.org\/imotion\/wp-json\/wp\/v2\/categories?post=2990"},{"taxonomy":"post_tag","embeddable":true,"href":"https:\/\/www.institut-myologie.org\/imotion\/wp-json\/wp\/v2\/tags?post=2990"}],"curies":[{"name":"wp","href":"https:\/\/api.w.org\/{rel}","templated":true}]}}