{"id":2891,"date":"2023-09-13T14:06:00","date_gmt":"2023-09-13T12:06:00","guid":{"rendered":"https:\/\/www.institut-myologie.org\/imotion\/?p=2891"},"modified":"2023-10-12T14:19:33","modified_gmt":"2023-10-12T12:19:33","slug":"vianney-parrain-du-telethon-2023-les-8-et-9-decembre-prochains","status":"publish","type":"post","link":"https:\/\/www.institut-myologie.org\/imotion\/2023\/09\/13\/vianney-parrain-du-telethon-2023-les-8-et-9-decembre-prochains\/","title":{"rendered":"Vianney, parrain du T\u00e9l\u00e9thon 2023 les\u00a08 et 9 d\u00e9cembre prochains"},"content":{"rendered":"\n<p>Apr\u00e8s Matt Pokora, Soprano et Kev Adams, c\u2019est au tour du chanteur et compositeur&nbsp;<strong>Vianney<\/strong>&nbsp;de s\u2019engager aux c\u00f4t\u00e9s des chercheurs, des familles et des milliers de b\u00e9n\u00e9voles mobilis\u00e9s partout en France contre les maladies rares, les&nbsp;<strong>8 et 9 d\u00e9cembre 2023<\/strong>.<\/p>\n\n\n\n<blockquote class=\"wp-block-quote is-layout-flow wp-block-quote-is-layout-flow\">\n<p><em>\u00ab Je suis tr\u00e8s fier d\u2019\u00eatre le parrain du T\u00e9l\u00e9thon 2023. J\u2019ai l\u2019intention de tout donner pour mettre en lumi\u00e8re ces parents et ces enfants qui se battent au quotidien, et pour soutenir les chercheurs qui font un travail formidable. Je m\u2019attends sinc\u00e8rement \u00e0 de belles rencontres et \u00e0 apprendre lors des visites des laboratoires de G\u00e9n\u00e9thon. Je suis honor\u00e9 de porter les espoirs des familles et des \u00e9quipes scientifiques, de partager les victoires et les d\u00e9fis du T\u00e9l\u00e9thon. Je compte sur vous pour me rejoindre dans ce qui va \u00eatre une superbe aventure ! \u00bb<\/em><\/p>\n<\/blockquote>\n\n\n\n<figure class=\"wp-block-embed is-type-video is-provider-youtube wp-block-embed-youtube wp-embed-aspect-16-9 wp-has-aspect-ratio\"><div class=\"wp-block-embed__wrapper\">\n<iframe loading=\"lazy\" title=\"Vianney, parrain du #T\u00e9l\u00e9thon2023, a un message pour vous | AFM-T\u00e9l\u00e9thon\" width=\"500\" height=\"281\" src=\"https:\/\/www.youtube.com\/embed\/LkDKsshMOb0?feature=oembed\" frameborder=\"0\" allow=\"accelerometer; autoplay; clipboard-write; encrypted-media; gyroscope; picture-in-picture; web-share\" referrerpolicy=\"strict-origin-when-cross-origin\" allowfullscreen><\/iframe>\n<\/div><\/figure>\n\n\n\n<p><strong>A vos agendas ! Rendez-vous les 8 et 9 d\u00e9cembre sur les chaines de France T\u00e9l\u00e9visions et partout en France et \u00e0 l\u2019\u00e9tranger pour le T\u00e9l\u00e9thon 2023 !<\/strong><\/p>\n\n\n\n<blockquote class=\"wp-block-quote is-layout-flow wp-block-quote-is-layout-flow\">\n<p>En savoir plus sur le&nbsp;<a href=\"https:\/\/www.afm-telethon.fr\/fr\/evenement-telethon\" target=\"_blank\" rel=\"noreferrer noopener\">T\u00e9l\u00e9thon 2023<\/a><\/p>\n<\/blockquote>\n","protected":false},"excerpt":{"rendered":"<p>Apr\u00e8s Matt Pokora, Soprano et Kev Adams, c\u2019est au tour du chanteur et compositeur&nbsp;Vianney&nbsp;de s\u2019engager aux c\u00f4t\u00e9s des chercheurs, des familles et des milliers de b\u00e9n\u00e9voles mobilis\u00e9s partout en France contre les maladies rares, les&nbsp;8 et 9 d\u00e9cembre 2023. \u00ab Je suis tr\u00e8s fier d\u2019\u00eatre le parrain du T\u00e9l\u00e9thon 2023. J\u2019ai l\u2019intention de tout donner &hellip; <a href=\"https:\/\/www.institut-myologie.org\/imotion\/2023\/09\/13\/vianney-parrain-du-telethon-2023-les-8-et-9-decembre-prochains\/\">Continued<\/a><\/p>\n","protected":false},"author":3,"featured_media":0,"comment_status":"closed","ping_status":"closed","sticky":false,"template":"","format":"standard","meta":{"_acf_changed":false,"footnotes":""},"categories":[4],"tags":[],"class_list":["post-2891","post","type-post","status-publish","format-standard","hentry","category-actualites"],"acf":[],"yoast_head":"<!-- This site is optimized with the Yoast SEO plugin v27.1.1 - https:\/\/yoast.com\/product\/yoast-seo-wordpress\/ -->\n<title>Vianney, parrain du T\u00e9l\u00e9thon 2023 les\u00a08 et 9 d\u00e9cembre prochains - I-Motion<\/title>\n<meta name=\"robots\" content=\"index, follow, max-snippet:-1, max-image-preview:large, max-video-preview:-1\" \/>\n<link rel=\"canonical\" href=\"https:\/\/www.institut-myologie.org\/imotion\/2023\/09\/13\/vianney-parrain-du-telethon-2023-les-8-et-9-decembre-prochains\/\" \/>\n<meta property=\"og:locale\" content=\"fr_FR\" \/>\n<meta property=\"og:type\" content=\"article\" \/>\n<meta property=\"og:title\" content=\"Vianney, parrain du T\u00e9l\u00e9thon 2023 les\u00a08 et 9 d\u00e9cembre prochains - I-Motion\" \/>\n<meta property=\"og:description\" content=\"Apr\u00e8s Matt Pokora, Soprano et Kev Adams, c\u2019est au tour du chanteur et compositeur&nbsp;Vianney&nbsp;de s\u2019engager aux c\u00f4t\u00e9s des chercheurs, des familles et des milliers de b\u00e9n\u00e9voles mobilis\u00e9s partout en France contre les maladies rares, les&nbsp;8 et 9 d\u00e9cembre 2023. \u00ab Je suis tr\u00e8s fier d\u2019\u00eatre le parrain du T\u00e9l\u00e9thon 2023. J\u2019ai l\u2019intention de tout donner &hellip; Continued\" \/>\n<meta property=\"og:url\" content=\"https:\/\/www.institut-myologie.org\/imotion\/2023\/09\/13\/vianney-parrain-du-telethon-2023-les-8-et-9-decembre-prochains\/\" \/>\n<meta property=\"og:site_name\" content=\"I-Motion\" \/>\n<meta property=\"article:published_time\" content=\"2023-09-13T12:06:00+00:00\" \/>\n<meta property=\"article:modified_time\" content=\"2023-10-12T12:19:33+00:00\" \/>\n<meta name=\"author\" content=\"Anne Berthomier\" \/>\n<meta name=\"twitter:card\" content=\"summary_large_image\" \/>\n<meta name=\"twitter:label1\" content=\"\u00c9crit par\" \/>\n\t<meta name=\"twitter:data1\" content=\"Anne Berthomier\" \/>\n\t<meta name=\"twitter:label2\" content=\"Dur\u00e9e de lecture estim\u00e9e\" \/>\n\t<meta name=\"twitter:data2\" content=\"1 minute\" \/>\n<script type=\"application\/ld+json\" class=\"yoast-schema-graph\">{\"@context\":\"https:\/\/schema.org\",\"@graph\":[{\"@type\":\"Article\",\"@id\":\"https:\/\/www.institut-myologie.org\/imotion\/2023\/09\/13\/vianney-parrain-du-telethon-2023-les-8-et-9-decembre-prochains\/#article\",\"isPartOf\":{\"@id\":\"https:\/\/www.institut-myologie.org\/imotion\/2023\/09\/13\/vianney-parrain-du-telethon-2023-les-8-et-9-decembre-prochains\/\"},\"author\":{\"name\":\"Anne Berthomier\",\"@id\":\"https:\/\/www.institut-myologie.org\/imotion\/#\/schema\/person\/ecf0b87715a026a200491fe2d7649def\"},\"headline\":\"Vianney, parrain du T\u00e9l\u00e9thon 2023 les\u00a08 et 9 d\u00e9cembre prochains\",\"datePublished\":\"2023-09-13T12:06:00+00:00\",\"dateModified\":\"2023-10-12T12:19:33+00:00\",\"mainEntityOfPage\":{\"@id\":\"https:\/\/www.institut-myologie.org\/imotion\/2023\/09\/13\/vianney-parrain-du-telethon-2023-les-8-et-9-decembre-prochains\/\"},\"wordCount\":207,\"publisher\":{\"@id\":\"https:\/\/www.institut-myologie.org\/imotion\/#organization\"},\"articleSection\":[\"Actualit\u00e9s Institut\"],\"inLanguage\":\"fr-FR\"},{\"@type\":\"WebPage\",\"@id\":\"https:\/\/www.institut-myologie.org\/imotion\/2023\/09\/13\/vianney-parrain-du-telethon-2023-les-8-et-9-decembre-prochains\/\",\"url\":\"https:\/\/www.institut-myologie.org\/imotion\/2023\/09\/13\/vianney-parrain-du-telethon-2023-les-8-et-9-decembre-prochains\/\",\"name\":\"Vianney, parrain du T\u00e9l\u00e9thon 2023 les\u00a08 et 9 d\u00e9cembre prochains - I-Motion\",\"isPartOf\":{\"@id\":\"https:\/\/www.institut-myologie.org\/imotion\/#website\"},\"datePublished\":\"2023-09-13T12:06:00+00:00\",\"dateModified\":\"2023-10-12T12:19:33+00:00\",\"breadcrumb\":{\"@id\":\"https:\/\/www.institut-myologie.org\/imotion\/2023\/09\/13\/vianney-parrain-du-telethon-2023-les-8-et-9-decembre-prochains\/#breadcrumb\"},\"inLanguage\":\"fr-FR\",\"potentialAction\":[{\"@type\":\"ReadAction\",\"target\":[\"https:\/\/www.institut-myologie.org\/imotion\/2023\/09\/13\/vianney-parrain-du-telethon-2023-les-8-et-9-decembre-prochains\/\"]}]},{\"@type\":\"BreadcrumbList\",\"@id\":\"https:\/\/www.institut-myologie.org\/imotion\/2023\/09\/13\/vianney-parrain-du-telethon-2023-les-8-et-9-decembre-prochains\/#breadcrumb\",\"itemListElement\":[{\"@type\":\"ListItem\",\"position\":1,\"name\":\"Home\",\"item\":\"https:\/\/www.institut-myologie.org\/imotion\/\"},{\"@type\":\"ListItem\",\"position\":2,\"name\":\"Vianney, parrain du T\u00e9l\u00e9thon 2023 les\u00a08 et 9 d\u00e9cembre prochains\"}]},{\"@type\":\"WebSite\",\"@id\":\"https:\/\/www.institut-myologie.org\/imotion\/#website\",\"url\":\"https:\/\/www.institut-myologie.org\/imotion\/\",\"name\":\"I-Motion\",\"description\":\"Plateforme d&#039;essais cliniques p\u00e9diatriques pour les maladies neuromusculaires\",\"publisher\":{\"@id\":\"https:\/\/www.institut-myologie.org\/imotion\/#organization\"},\"potentialAction\":[{\"@type\":\"SearchAction\",\"target\":{\"@type\":\"EntryPoint\",\"urlTemplate\":\"https:\/\/www.institut-myologie.org\/imotion\/?s={search_term_string}\"},\"query-input\":{\"@type\":\"PropertyValueSpecification\",\"valueRequired\":true,\"valueName\":\"search_term_string\"}}],\"inLanguage\":\"fr-FR\"},{\"@type\":\"Organization\",\"@id\":\"https:\/\/www.institut-myologie.org\/imotion\/#organization\",\"name\":\"Institut I-Motion\",\"url\":\"https:\/\/www.institut-myologie.org\/imotion\/\",\"logo\":{\"@type\":\"ImageObject\",\"inLanguage\":\"fr-FR\",\"@id\":\"https:\/\/www.institut-myologie.org\/imotion\/#\/schema\/logo\/image\/\",\"url\":\"https:\/\/www.institut-myologie.org\/imotion\/wp-content\/uploads\/2016\/08\/logoImotion.png\",\"contentUrl\":\"https:\/\/www.institut-myologie.org\/imotion\/wp-content\/uploads\/2016\/08\/logoImotion.png\",\"width\":150,\"height\":51,\"caption\":\"Institut I-Motion\"},\"image\":{\"@id\":\"https:\/\/www.institut-myologie.org\/imotion\/#\/schema\/logo\/image\/\"}},{\"@type\":\"Person\",\"@id\":\"https:\/\/www.institut-myologie.org\/imotion\/#\/schema\/person\/ecf0b87715a026a200491fe2d7649def\",\"name\":\"Anne Berthomier\",\"image\":{\"@type\":\"ImageObject\",\"inLanguage\":\"fr-FR\",\"@id\":\"https:\/\/www.institut-myologie.org\/imotion\/#\/schema\/person\/image\/\",\"url\":\"https:\/\/secure.gravatar.com\/avatar\/86282695a210f7767b59efc8eb542fb81270ad9c1a9d8bb3bccd9ab2f96782e6?s=96&d=mm&r=g\",\"contentUrl\":\"https:\/\/secure.gravatar.com\/avatar\/86282695a210f7767b59efc8eb542fb81270ad9c1a9d8bb3bccd9ab2f96782e6?s=96&d=mm&r=g\",\"caption\":\"Anne Berthomier\"}}]}<\/script>\n<!-- \/ Yoast SEO plugin. -->","yoast_head_json":{"title":"Vianney, parrain du T\u00e9l\u00e9thon 2023 les\u00a08 et 9 d\u00e9cembre prochains - I-Motion","robots":{"index":"index","follow":"follow","max-snippet":"max-snippet:-1","max-image-preview":"max-image-preview:large","max-video-preview":"max-video-preview:-1"},"canonical":"https:\/\/www.institut-myologie.org\/imotion\/2023\/09\/13\/vianney-parrain-du-telethon-2023-les-8-et-9-decembre-prochains\/","og_locale":"fr_FR","og_type":"article","og_title":"Vianney, parrain du T\u00e9l\u00e9thon 2023 les\u00a08 et 9 d\u00e9cembre prochains - I-Motion","og_description":"Apr\u00e8s Matt Pokora, Soprano et Kev Adams, c\u2019est au tour du chanteur et compositeur&nbsp;Vianney&nbsp;de s\u2019engager aux c\u00f4t\u00e9s des chercheurs, des familles et des milliers de b\u00e9n\u00e9voles mobilis\u00e9s partout en France contre les maladies rares, les&nbsp;8 et 9 d\u00e9cembre 2023. \u00ab Je suis tr\u00e8s fier d\u2019\u00eatre le parrain du T\u00e9l\u00e9thon 2023. J\u2019ai l\u2019intention de tout donner &hellip; Continued","og_url":"https:\/\/www.institut-myologie.org\/imotion\/2023\/09\/13\/vianney-parrain-du-telethon-2023-les-8-et-9-decembre-prochains\/","og_site_name":"I-Motion","article_published_time":"2023-09-13T12:06:00+00:00","article_modified_time":"2023-10-12T12:19:33+00:00","author":"Anne Berthomier","twitter_card":"summary_large_image","twitter_misc":{"\u00c9crit par":"Anne Berthomier","Dur\u00e9e de lecture estim\u00e9e":"1 minute"},"schema":{"@context":"https:\/\/schema.org","@graph":[{"@type":"Article","@id":"https:\/\/www.institut-myologie.org\/imotion\/2023\/09\/13\/vianney-parrain-du-telethon-2023-les-8-et-9-decembre-prochains\/#article","isPartOf":{"@id":"https:\/\/www.institut-myologie.org\/imotion\/2023\/09\/13\/vianney-parrain-du-telethon-2023-les-8-et-9-decembre-prochains\/"},"author":{"name":"Anne Berthomier","@id":"https:\/\/www.institut-myologie.org\/imotion\/#\/schema\/person\/ecf0b87715a026a200491fe2d7649def"},"headline":"Vianney, parrain du T\u00e9l\u00e9thon 2023 les\u00a08 et 9 d\u00e9cembre prochains","datePublished":"2023-09-13T12:06:00+00:00","dateModified":"2023-10-12T12:19:33+00:00","mainEntityOfPage":{"@id":"https:\/\/www.institut-myologie.org\/imotion\/2023\/09\/13\/vianney-parrain-du-telethon-2023-les-8-et-9-decembre-prochains\/"},"wordCount":207,"publisher":{"@id":"https:\/\/www.institut-myologie.org\/imotion\/#organization"},"articleSection":["Actualit\u00e9s Institut"],"inLanguage":"fr-FR"},{"@type":"WebPage","@id":"https:\/\/www.institut-myologie.org\/imotion\/2023\/09\/13\/vianney-parrain-du-telethon-2023-les-8-et-9-decembre-prochains\/","url":"https:\/\/www.institut-myologie.org\/imotion\/2023\/09\/13\/vianney-parrain-du-telethon-2023-les-8-et-9-decembre-prochains\/","name":"Vianney, parrain du T\u00e9l\u00e9thon 2023 les\u00a08 et 9 d\u00e9cembre prochains - I-Motion","isPartOf":{"@id":"https:\/\/www.institut-myologie.org\/imotion\/#website"},"datePublished":"2023-09-13T12:06:00+00:00","dateModified":"2023-10-12T12:19:33+00:00","breadcrumb":{"@id":"https:\/\/www.institut-myologie.org\/imotion\/2023\/09\/13\/vianney-parrain-du-telethon-2023-les-8-et-9-decembre-prochains\/#breadcrumb"},"inLanguage":"fr-FR","potentialAction":[{"@type":"ReadAction","target":["https:\/\/www.institut-myologie.org\/imotion\/2023\/09\/13\/vianney-parrain-du-telethon-2023-les-8-et-9-decembre-prochains\/"]}]},{"@type":"BreadcrumbList","@id":"https:\/\/www.institut-myologie.org\/imotion\/2023\/09\/13\/vianney-parrain-du-telethon-2023-les-8-et-9-decembre-prochains\/#breadcrumb","itemListElement":[{"@type":"ListItem","position":1,"name":"Home","item":"https:\/\/www.institut-myologie.org\/imotion\/"},{"@type":"ListItem","position":2,"name":"Vianney, parrain du T\u00e9l\u00e9thon 2023 les\u00a08 et 9 d\u00e9cembre prochains"}]},{"@type":"WebSite","@id":"https:\/\/www.institut-myologie.org\/imotion\/#website","url":"https:\/\/www.institut-myologie.org\/imotion\/","name":"I-Motion","description":"Plateforme d&#039;essais cliniques p\u00e9diatriques pour les maladies neuromusculaires","publisher":{"@id":"https:\/\/www.institut-myologie.org\/imotion\/#organization"},"potentialAction":[{"@type":"SearchAction","target":{"@type":"EntryPoint","urlTemplate":"https:\/\/www.institut-myologie.org\/imotion\/?s={search_term_string}"},"query-input":{"@type":"PropertyValueSpecification","valueRequired":true,"valueName":"search_term_string"}}],"inLanguage":"fr-FR"},{"@type":"Organization","@id":"https:\/\/www.institut-myologie.org\/imotion\/#organization","name":"Institut I-Motion","url":"https:\/\/www.institut-myologie.org\/imotion\/","logo":{"@type":"ImageObject","inLanguage":"fr-FR","@id":"https:\/\/www.institut-myologie.org\/imotion\/#\/schema\/logo\/image\/","url":"https:\/\/www.institut-myologie.org\/imotion\/wp-content\/uploads\/2016\/08\/logoImotion.png","contentUrl":"https:\/\/www.institut-myologie.org\/imotion\/wp-content\/uploads\/2016\/08\/logoImotion.png","width":150,"height":51,"caption":"Institut I-Motion"},"image":{"@id":"https:\/\/www.institut-myologie.org\/imotion\/#\/schema\/logo\/image\/"}},{"@type":"Person","@id":"https:\/\/www.institut-myologie.org\/imotion\/#\/schema\/person\/ecf0b87715a026a200491fe2d7649def","name":"Anne Berthomier","image":{"@type":"ImageObject","inLanguage":"fr-FR","@id":"https:\/\/www.institut-myologie.org\/imotion\/#\/schema\/person\/image\/","url":"https:\/\/secure.gravatar.com\/avatar\/86282695a210f7767b59efc8eb542fb81270ad9c1a9d8bb3bccd9ab2f96782e6?s=96&d=mm&r=g","contentUrl":"https:\/\/secure.gravatar.com\/avatar\/86282695a210f7767b59efc8eb542fb81270ad9c1a9d8bb3bccd9ab2f96782e6?s=96&d=mm&r=g","caption":"Anne Berthomier"}}]}},"_links":{"self":[{"href":"https:\/\/www.institut-myologie.org\/imotion\/wp-json\/wp\/v2\/posts\/2891","targetHints":{"allow":["GET"]}}],"collection":[{"href":"https:\/\/www.institut-myologie.org\/imotion\/wp-json\/wp\/v2\/posts"}],"about":[{"href":"https:\/\/www.institut-myologie.org\/imotion\/wp-json\/wp\/v2\/types\/post"}],"author":[{"embeddable":true,"href":"https:\/\/www.institut-myologie.org\/imotion\/wp-json\/wp\/v2\/users\/3"}],"replies":[{"embeddable":true,"href":"https:\/\/www.institut-myologie.org\/imotion\/wp-json\/wp\/v2\/comments?post=2891"}],"version-history":[{"count":3,"href":"https:\/\/www.institut-myologie.org\/imotion\/wp-json\/wp\/v2\/posts\/2891\/revisions"}],"predecessor-version":[{"id":2898,"href":"https:\/\/www.institut-myologie.org\/imotion\/wp-json\/wp\/v2\/posts\/2891\/revisions\/2898"}],"wp:attachment":[{"href":"https:\/\/www.institut-myologie.org\/imotion\/wp-json\/wp\/v2\/media?parent=2891"}],"wp:term":[{"taxonomy":"category","embeddable":true,"href":"https:\/\/www.institut-myologie.org\/imotion\/wp-json\/wp\/v2\/categories?post=2891"},{"taxonomy":"post_tag","embeddable":true,"href":"https:\/\/www.institut-myologie.org\/imotion\/wp-json\/wp\/v2\/tags?post=2891"}],"curies":[{"name":"wp","href":"https:\/\/api.w.org\/{rel}","templated":true}]}}