{"id":2802,"date":"2022-11-08T17:28:18","date_gmt":"2022-11-08T15:28:18","guid":{"rendered":"https:\/\/www.institut-myologie.org\/imotion\/?p=2802"},"modified":"2022-11-08T17:28:20","modified_gmt":"2022-11-08T15:28:20","slug":"december-2-and-3-ready-for-the-telethon","status":"publish","type":"post","link":"https:\/\/www.institut-myologie.org\/imotion\/2022\/11\/08\/december-2-and-3-ready-for-the-telethon\/?lang=en","title":{"rendered":"December 2 and 3: ready for the Telethon!"},"content":{"rendered":"\n<p><strong>You live abroad and want to play a part in the Telethon? Join the Telethon for French people abroad and help us break records of mobilization around the world!\u00a0<\/strong><\/p>\n\n\n\n<p>On December 2 and 3, 2022, the Telethon will rally together millions of French people to support research and enable the AFM-Telethon to fulfill its missions throughout the year and continue its fight against rare and neuromuscular diseases.&nbsp;<\/p>\n\n\n\n<p>\u201c<em>Originally, a fierce determination: cure our children, our loved ones affected by rare genetic diseases, unknown and incurable, affecting families from generation to generation.\u00a0<br>We never gave up. We have faced unprecedented challenges and, today, a true revolution in medicine is underway. The lives of patients have changed, they have access to diagnosis, to adapted care pathways, and, for some, to the first treatments. We believed that it could happen and, step by step, overcame obstacles.\u00a0<br>Because 95% of rare diseases remain without treatment, because more and more drug candidates are on the verge of clinical trials, we must, more than ever, keep innovating to multiply victories.<br>To keep the promise made to our children \u2013 finding a cure, WE WILL NOT GIVE UP<\/em>\u201d recalled Laurence Tiennot-Herment, President of AFM-Telethon.\u00a0<\/p>\n\n\n\n<p>Every first weekend of December, 215000 volunteers organize fundraising initiatives throughout France and abroad for the Telethon. You can join us!<\/p>\n\n\n\n<p><strong>French expatriates have rallied around the world for the Telethon<\/strong><\/p>\n\n\n\n<p>Sporting challenges, climb of the highest mountains, tournaments of all sorts, charity galas\u2026 Every year, close to a hundred fundraising events are organized in more than 20 countries around the globe for the Telethon. If you are interested in being involved, follow these practical steps.<\/p>\n\n\n\n<p><strong>1.&nbsp;&nbsp; &nbsp;Organize an event for the Telethon<\/strong><br>Would you like to organize a Telethon event in your country of residence? Send an email to <a href=\"mailto:tfe@afm-telethon.fr\"><strong>tfe@afm-telethon.fr<\/strong><\/a>: Marion, the coordinator of the Telethon for French people abroad will contact you and support you in setting up your event.<\/p>\n\n\n\n<p><strong>2.&nbsp;&nbsp; &nbsp;Send us your photos and videos<\/strong><br>To increase your event\u2019s visibility, share photos and videos on social media with the hashtags #telethon2022 and #telethonFE2022. Also send us your photos and videos at <a href=\"mailto:tfe@afm-telethon.fr\"><strong>tfe@afm-telethon.fr<\/strong><\/a>!&nbsp;<\/p>\n\n\n\n<p><strong>3.\u00a0\u00a0 \u00a0Fundraise online<\/strong><br>Create your fundraising page with its own donation meter. Showcase your page on social media and drive up the global donation meter of the Telethon for French people abroad.\u00a0<\/p>\n\n\n\n<p><strong>For more information:<\/strong><br>&#8211;\u00a0\u00a0 \u00a0<a href=\"https:\/\/fr-fr.facebook.com\/telethonfe\/\"><strong>Facebook Page for the Telethon for French people abroad\u00a0<\/strong><\/a><br>&#8211;\u00a0\u00a0 \u00a0The <a href=\"https:\/\/www.afm-telethon.fr\/fr\/evenement-telethon\"><strong>2022 Telethon website<\/strong><\/a> (in French) \u00a0 \u00a0<\/p>\n","protected":false},"excerpt":{"rendered":"<p>You live abroad and want to play a part in the Telethon? Join the Telethon for French people abroad and help us break records of mobilization around the world!\u00a0 On December 2 and 3, 2022, the Telethon will rally together millions of French people to support research and enable the AFM-Telethon to fulfill its missions &hellip; <a href=\"https:\/\/www.institut-myologie.org\/imotion\/2022\/11\/08\/december-2-and-3-ready-for-the-telethon\/?lang=en\">Continued<\/a><\/p>\n","protected":false},"author":3,"featured_media":0,"comment_status":"closed","ping_status":"closed","sticky":false,"template":"","format":"standard","meta":{"_acf_changed":false,"footnotes":""},"categories":[3],"tags":[],"class_list":["post-2802","post","type-post","status-publish","format-standard","hentry","category-uncategorized"],"acf":[],"yoast_head":"<!-- This site is optimized with the Yoast SEO plugin v27.1.1 - https:\/\/yoast.com\/product\/yoast-seo-wordpress\/ -->\n<title>December 2 and 3: ready for the Telethon! - I-Motion<\/title>\n<meta name=\"robots\" content=\"index, follow, max-snippet:-1, max-image-preview:large, max-video-preview:-1\" \/>\n<link rel=\"canonical\" href=\"https:\/\/www.institut-myologie.org\/imotion\/2022\/11\/08\/december-2-and-3-ready-for-the-telethon\/?lang=en\" \/>\n<meta property=\"og:locale\" content=\"fr_FR\" \/>\n<meta property=\"og:type\" content=\"article\" \/>\n<meta property=\"og:title\" content=\"December 2 and 3: ready for the Telethon! - I-Motion\" \/>\n<meta property=\"og:description\" content=\"You live abroad and want to play a part in the Telethon? Join the Telethon for French people abroad and help us break records of mobilization around the world!\u00a0 On December 2 and 3, 2022, the Telethon will rally together millions of French people to support research and enable the AFM-Telethon to fulfill its missions &hellip; Continued\" \/>\n<meta property=\"og:url\" content=\"https:\/\/www.institut-myologie.org\/imotion\/2022\/11\/08\/december-2-and-3-ready-for-the-telethon\/?lang=en\" \/>\n<meta property=\"og:site_name\" content=\"I-Motion\" \/>\n<meta property=\"article:published_time\" content=\"2022-11-08T15:28:18+00:00\" \/>\n<meta property=\"article:modified_time\" content=\"2022-11-08T15:28:20+00:00\" \/>\n<meta name=\"author\" content=\"Anne Berthomier\" \/>\n<meta name=\"twitter:card\" content=\"summary_large_image\" \/>\n<meta name=\"twitter:label1\" content=\"\u00c9crit par\" \/>\n\t<meta name=\"twitter:data1\" content=\"Anne Berthomier\" \/>\n\t<meta name=\"twitter:label2\" content=\"Dur\u00e9e de lecture estim\u00e9e\" \/>\n\t<meta name=\"twitter:data2\" content=\"3 minutes\" \/>\n<script type=\"application\/ld+json\" class=\"yoast-schema-graph\">{\"@context\":\"https:\/\/schema.org\",\"@graph\":[{\"@type\":\"Article\",\"@id\":\"https:\/\/www.institut-myologie.org\/imotion\/2022\/11\/08\/december-2-and-3-ready-for-the-telethon\/?lang=en#article\",\"isPartOf\":{\"@id\":\"https:\/\/www.institut-myologie.org\/imotion\/2022\/11\/08\/december-2-and-3-ready-for-the-telethon\/?lang=en\"},\"author\":{\"name\":\"Anne Berthomier\",\"@id\":\"https:\/\/www.institut-myologie.org\/imotion\/#\/schema\/person\/ecf0b87715a026a200491fe2d7649def\"},\"headline\":\"December 2 and 3: ready for the Telethon!\",\"datePublished\":\"2022-11-08T15:28:18+00:00\",\"dateModified\":\"2022-11-08T15:28:20+00:00\",\"mainEntityOfPage\":{\"@id\":\"https:\/\/www.institut-myologie.org\/imotion\/2022\/11\/08\/december-2-and-3-ready-for-the-telethon\/?lang=en\"},\"wordCount\":413,\"publisher\":{\"@id\":\"https:\/\/www.institut-myologie.org\/imotion\/#organization\"},\"articleSection\":[\"Uncategorized\"],\"inLanguage\":\"fr-FR\"},{\"@type\":\"WebPage\",\"@id\":\"https:\/\/www.institut-myologie.org\/imotion\/2022\/11\/08\/december-2-and-3-ready-for-the-telethon\/?lang=en\",\"url\":\"https:\/\/www.institut-myologie.org\/imotion\/2022\/11\/08\/december-2-and-3-ready-for-the-telethon\/?lang=en\",\"name\":\"December 2 and 3: ready for the Telethon! - I-Motion\",\"isPartOf\":{\"@id\":\"https:\/\/www.institut-myologie.org\/imotion\/#website\"},\"datePublished\":\"2022-11-08T15:28:18+00:00\",\"dateModified\":\"2022-11-08T15:28:20+00:00\",\"breadcrumb\":{\"@id\":\"https:\/\/www.institut-myologie.org\/imotion\/2022\/11\/08\/december-2-and-3-ready-for-the-telethon\/?lang=en#breadcrumb\"},\"inLanguage\":\"fr-FR\",\"potentialAction\":[{\"@type\":\"ReadAction\",\"target\":[\"https:\/\/www.institut-myologie.org\/imotion\/2022\/11\/08\/december-2-and-3-ready-for-the-telethon\/?lang=en\"]}]},{\"@type\":\"BreadcrumbList\",\"@id\":\"https:\/\/www.institut-myologie.org\/imotion\/2022\/11\/08\/december-2-and-3-ready-for-the-telethon\/?lang=en#breadcrumb\",\"itemListElement\":[{\"@type\":\"ListItem\",\"position\":1,\"name\":\"Home\",\"item\":\"https:\/\/www.institut-myologie.org\/imotion\/\"},{\"@type\":\"ListItem\",\"position\":2,\"name\":\"December 2 and 3: ready for the Telethon!\"}]},{\"@type\":\"WebSite\",\"@id\":\"https:\/\/www.institut-myologie.org\/imotion\/#website\",\"url\":\"https:\/\/www.institut-myologie.org\/imotion\/\",\"name\":\"I-Motion\",\"description\":\"Plateforme d&#039;essais cliniques p\u00e9diatriques pour les maladies neuromusculaires\",\"publisher\":{\"@id\":\"https:\/\/www.institut-myologie.org\/imotion\/#organization\"},\"potentialAction\":[{\"@type\":\"SearchAction\",\"target\":{\"@type\":\"EntryPoint\",\"urlTemplate\":\"https:\/\/www.institut-myologie.org\/imotion\/?s={search_term_string}\"},\"query-input\":{\"@type\":\"PropertyValueSpecification\",\"valueRequired\":true,\"valueName\":\"search_term_string\"}}],\"inLanguage\":\"fr-FR\"},{\"@type\":\"Organization\",\"@id\":\"https:\/\/www.institut-myologie.org\/imotion\/#organization\",\"name\":\"Institut I-Motion\",\"url\":\"https:\/\/www.institut-myologie.org\/imotion\/\",\"logo\":{\"@type\":\"ImageObject\",\"inLanguage\":\"fr-FR\",\"@id\":\"https:\/\/www.institut-myologie.org\/imotion\/#\/schema\/logo\/image\/\",\"url\":\"https:\/\/www.institut-myologie.org\/imotion\/wp-content\/uploads\/2016\/08\/logoImotion.png\",\"contentUrl\":\"https:\/\/www.institut-myologie.org\/imotion\/wp-content\/uploads\/2016\/08\/logoImotion.png\",\"width\":150,\"height\":51,\"caption\":\"Institut I-Motion\"},\"image\":{\"@id\":\"https:\/\/www.institut-myologie.org\/imotion\/#\/schema\/logo\/image\/\"}},{\"@type\":\"Person\",\"@id\":\"https:\/\/www.institut-myologie.org\/imotion\/#\/schema\/person\/ecf0b87715a026a200491fe2d7649def\",\"name\":\"Anne Berthomier\",\"image\":{\"@type\":\"ImageObject\",\"inLanguage\":\"fr-FR\",\"@id\":\"https:\/\/www.institut-myologie.org\/imotion\/#\/schema\/person\/image\/\",\"url\":\"https:\/\/secure.gravatar.com\/avatar\/86282695a210f7767b59efc8eb542fb81270ad9c1a9d8bb3bccd9ab2f96782e6?s=96&d=mm&r=g\",\"contentUrl\":\"https:\/\/secure.gravatar.com\/avatar\/86282695a210f7767b59efc8eb542fb81270ad9c1a9d8bb3bccd9ab2f96782e6?s=96&d=mm&r=g\",\"caption\":\"Anne Berthomier\"}}]}<\/script>\n<!-- \/ Yoast SEO plugin. -->","yoast_head_json":{"title":"December 2 and 3: ready for the Telethon! - I-Motion","robots":{"index":"index","follow":"follow","max-snippet":"max-snippet:-1","max-image-preview":"max-image-preview:large","max-video-preview":"max-video-preview:-1"},"canonical":"https:\/\/www.institut-myologie.org\/imotion\/2022\/11\/08\/december-2-and-3-ready-for-the-telethon\/?lang=en","og_locale":"fr_FR","og_type":"article","og_title":"December 2 and 3: ready for the Telethon! - I-Motion","og_description":"You live abroad and want to play a part in the Telethon? Join the Telethon for French people abroad and help us break records of mobilization around the world!\u00a0 On December 2 and 3, 2022, the Telethon will rally together millions of French people to support research and enable the AFM-Telethon to fulfill its missions &hellip; Continued","og_url":"https:\/\/www.institut-myologie.org\/imotion\/2022\/11\/08\/december-2-and-3-ready-for-the-telethon\/?lang=en","og_site_name":"I-Motion","article_published_time":"2022-11-08T15:28:18+00:00","article_modified_time":"2022-11-08T15:28:20+00:00","author":"Anne Berthomier","twitter_card":"summary_large_image","twitter_misc":{"\u00c9crit par":"Anne Berthomier","Dur\u00e9e de lecture estim\u00e9e":"3 minutes"},"schema":{"@context":"https:\/\/schema.org","@graph":[{"@type":"Article","@id":"https:\/\/www.institut-myologie.org\/imotion\/2022\/11\/08\/december-2-and-3-ready-for-the-telethon\/?lang=en#article","isPartOf":{"@id":"https:\/\/www.institut-myologie.org\/imotion\/2022\/11\/08\/december-2-and-3-ready-for-the-telethon\/?lang=en"},"author":{"name":"Anne Berthomier","@id":"https:\/\/www.institut-myologie.org\/imotion\/#\/schema\/person\/ecf0b87715a026a200491fe2d7649def"},"headline":"December 2 and 3: ready for the Telethon!","datePublished":"2022-11-08T15:28:18+00:00","dateModified":"2022-11-08T15:28:20+00:00","mainEntityOfPage":{"@id":"https:\/\/www.institut-myologie.org\/imotion\/2022\/11\/08\/december-2-and-3-ready-for-the-telethon\/?lang=en"},"wordCount":413,"publisher":{"@id":"https:\/\/www.institut-myologie.org\/imotion\/#organization"},"articleSection":["Uncategorized"],"inLanguage":"fr-FR"},{"@type":"WebPage","@id":"https:\/\/www.institut-myologie.org\/imotion\/2022\/11\/08\/december-2-and-3-ready-for-the-telethon\/?lang=en","url":"https:\/\/www.institut-myologie.org\/imotion\/2022\/11\/08\/december-2-and-3-ready-for-the-telethon\/?lang=en","name":"December 2 and 3: ready for the Telethon! - I-Motion","isPartOf":{"@id":"https:\/\/www.institut-myologie.org\/imotion\/#website"},"datePublished":"2022-11-08T15:28:18+00:00","dateModified":"2022-11-08T15:28:20+00:00","breadcrumb":{"@id":"https:\/\/www.institut-myologie.org\/imotion\/2022\/11\/08\/december-2-and-3-ready-for-the-telethon\/?lang=en#breadcrumb"},"inLanguage":"fr-FR","potentialAction":[{"@type":"ReadAction","target":["https:\/\/www.institut-myologie.org\/imotion\/2022\/11\/08\/december-2-and-3-ready-for-the-telethon\/?lang=en"]}]},{"@type":"BreadcrumbList","@id":"https:\/\/www.institut-myologie.org\/imotion\/2022\/11\/08\/december-2-and-3-ready-for-the-telethon\/?lang=en#breadcrumb","itemListElement":[{"@type":"ListItem","position":1,"name":"Home","item":"https:\/\/www.institut-myologie.org\/imotion\/"},{"@type":"ListItem","position":2,"name":"December 2 and 3: ready for the Telethon!"}]},{"@type":"WebSite","@id":"https:\/\/www.institut-myologie.org\/imotion\/#website","url":"https:\/\/www.institut-myologie.org\/imotion\/","name":"I-Motion","description":"Plateforme d&#039;essais cliniques p\u00e9diatriques pour les maladies neuromusculaires","publisher":{"@id":"https:\/\/www.institut-myologie.org\/imotion\/#organization"},"potentialAction":[{"@type":"SearchAction","target":{"@type":"EntryPoint","urlTemplate":"https:\/\/www.institut-myologie.org\/imotion\/?s={search_term_string}"},"query-input":{"@type":"PropertyValueSpecification","valueRequired":true,"valueName":"search_term_string"}}],"inLanguage":"fr-FR"},{"@type":"Organization","@id":"https:\/\/www.institut-myologie.org\/imotion\/#organization","name":"Institut I-Motion","url":"https:\/\/www.institut-myologie.org\/imotion\/","logo":{"@type":"ImageObject","inLanguage":"fr-FR","@id":"https:\/\/www.institut-myologie.org\/imotion\/#\/schema\/logo\/image\/","url":"https:\/\/www.institut-myologie.org\/imotion\/wp-content\/uploads\/2016\/08\/logoImotion.png","contentUrl":"https:\/\/www.institut-myologie.org\/imotion\/wp-content\/uploads\/2016\/08\/logoImotion.png","width":150,"height":51,"caption":"Institut I-Motion"},"image":{"@id":"https:\/\/www.institut-myologie.org\/imotion\/#\/schema\/logo\/image\/"}},{"@type":"Person","@id":"https:\/\/www.institut-myologie.org\/imotion\/#\/schema\/person\/ecf0b87715a026a200491fe2d7649def","name":"Anne Berthomier","image":{"@type":"ImageObject","inLanguage":"fr-FR","@id":"https:\/\/www.institut-myologie.org\/imotion\/#\/schema\/person\/image\/","url":"https:\/\/secure.gravatar.com\/avatar\/86282695a210f7767b59efc8eb542fb81270ad9c1a9d8bb3bccd9ab2f96782e6?s=96&d=mm&r=g","contentUrl":"https:\/\/secure.gravatar.com\/avatar\/86282695a210f7767b59efc8eb542fb81270ad9c1a9d8bb3bccd9ab2f96782e6?s=96&d=mm&r=g","caption":"Anne Berthomier"}}]}},"_links":{"self":[{"href":"https:\/\/www.institut-myologie.org\/imotion\/wp-json\/wp\/v2\/posts\/2802","targetHints":{"allow":["GET"]}}],"collection":[{"href":"https:\/\/www.institut-myologie.org\/imotion\/wp-json\/wp\/v2\/posts"}],"about":[{"href":"https:\/\/www.institut-myologie.org\/imotion\/wp-json\/wp\/v2\/types\/post"}],"author":[{"embeddable":true,"href":"https:\/\/www.institut-myologie.org\/imotion\/wp-json\/wp\/v2\/users\/3"}],"replies":[{"embeddable":true,"href":"https:\/\/www.institut-myologie.org\/imotion\/wp-json\/wp\/v2\/comments?post=2802"}],"version-history":[{"count":1,"href":"https:\/\/www.institut-myologie.org\/imotion\/wp-json\/wp\/v2\/posts\/2802\/revisions"}],"predecessor-version":[{"id":2803,"href":"https:\/\/www.institut-myologie.org\/imotion\/wp-json\/wp\/v2\/posts\/2802\/revisions\/2803"}],"wp:attachment":[{"href":"https:\/\/www.institut-myologie.org\/imotion\/wp-json\/wp\/v2\/media?parent=2802"}],"wp:term":[{"taxonomy":"category","embeddable":true,"href":"https:\/\/www.institut-myologie.org\/imotion\/wp-json\/wp\/v2\/categories?post=2802"},{"taxonomy":"post_tag","embeddable":true,"href":"https:\/\/www.institut-myologie.org\/imotion\/wp-json\/wp\/v2\/tags?post=2802"}],"curies":[{"name":"wp","href":"https:\/\/api.w.org\/{rel}","templated":true}]}}