{"id":2348,"date":"2021-06-04T11:20:00","date_gmt":"2021-06-04T09:20:00","guid":{"rendered":"https:\/\/www.institut-myologie.org\/imotion\/?p=2348"},"modified":"2021-06-24T11:22:34","modified_gmt":"2021-06-24T09:22:34","slug":"interview-de-france-pietri-rouxel-sur-france-bleu","status":"publish","type":"post","link":"https:\/\/www.institut-myologie.org\/imotion\/2021\/06\/04\/interview-de-france-pietri-rouxel-sur-france-bleu\/","title":{"rendered":"Interview de France Pietri-Rouxel  sur France Bleu"},"content":{"rendered":"\n<p>France Pietri-Rouxel, directrice du Gr<a href=\"https:\/\/www.institut-myologie.org\/recherche\/myologie-centre-de-recherche\/equipe-5-france-pietri-rouxel\/\">oupe Th\u00e9rapie g\u00e9nique pour la DMD &amp; physiopathologie du muscle squelettique<\/a>&nbsp;au&nbsp;<a href=\"https:\/\/www.institut-myologie.org\/recherche\/myologie-centre-de-recherche\/\">Centre de recherche en Myologie<\/a>&nbsp;de l\u2019institut \u00e9tait l\u2019invit\u00e9e de Sidonie Bonnec dans l\u2019\u00e9mission \u00ab&nbsp;Minute Papillon&nbsp;\u00bb sur France Bleu le 3 juin dernier.<\/p>\n\n\n\n<p>De nombreuses questions autour du muscle et de son \u00e9tude ont \u00e9t\u00e9 abord\u00e9es : qu\u2019est-ce que la myologie, comment les recherches des \u00e9quipes de l\u2019Institut de Myologie sur les maladies neuromusculaires permettent de faire avancer la recherche sur le muscle sain, sportif, vieillissant, pourquoi les muscles sont des alli\u00e9s essentiels \u00e0 notre sant\u00e9\u2026<\/p>\n\n\n\n<p>R\u00e9\u00e9couter\u00a0<a href=\"https:\/\/www.francebleu.fr\/emissions\/minute-papillon\/les-etonnants-secrets-des-muscles\" target=\"_blank\" rel=\"noreferrer noopener\">l\u2019interview de France Pietri-Rouxel sur France Bleu<\/a>\u00a0<\/p>\n","protected":false},"excerpt":{"rendered":"<p>France Pietri-Rouxel, directrice du Groupe Th\u00e9rapie g\u00e9nique pour la DMD &amp; physiopathologie du muscle squelettique&nbsp;au&nbsp;Centre de recherche en Myologie&nbsp;de l\u2019institut \u00e9tait l\u2019invit\u00e9e de Sidonie Bonnec dans l\u2019\u00e9mission \u00ab&nbsp;Minute Papillon&nbsp;\u00bb sur France Bleu le 3 juin dernier. De nombreuses questions autour du muscle et de son \u00e9tude ont \u00e9t\u00e9 abord\u00e9es : qu\u2019est-ce que la myologie, comment &hellip; <a href=\"https:\/\/www.institut-myologie.org\/imotion\/2021\/06\/04\/interview-de-france-pietri-rouxel-sur-france-bleu\/\">Continued<\/a><\/p>\n","protected":false},"author":3,"featured_media":0,"comment_status":"closed","ping_status":"closed","sticky":false,"template":"","format":"standard","meta":{"_acf_changed":false,"footnotes":""},"categories":[1],"tags":[],"class_list":["post-2348","post","type-post","status-publish","format-standard","hentry","category-non-classifiee"],"acf":[],"yoast_head":"<!-- This site is optimized with the Yoast SEO plugin v27.1.1 - https:\/\/yoast.com\/product\/yoast-seo-wordpress\/ -->\n<title>Interview de France Pietri-Rouxel sur France Bleu - I-Motion<\/title>\n<meta name=\"description\" content=\"France Pietri-Rouxel \u00e9tait l\u2019invit\u00e9e de Sidonie Bonnec dans l\u2019\u00e9mission \u00ab Minute Papillon \u00bb sur France Bleu le 3 juin dernier.\" \/>\n<meta name=\"robots\" content=\"index, follow, max-snippet:-1, max-image-preview:large, max-video-preview:-1\" \/>\n<link rel=\"canonical\" href=\"https:\/\/www.institut-myologie.org\/imotion\/2021\/06\/04\/interview-de-france-pietri-rouxel-sur-france-bleu\/\" \/>\n<meta property=\"og:locale\" content=\"fr_FR\" \/>\n<meta property=\"og:type\" content=\"article\" \/>\n<meta property=\"og:title\" content=\"Interview de France Pietri-Rouxel sur France Bleu - I-Motion\" \/>\n<meta property=\"og:description\" content=\"France Pietri-Rouxel \u00e9tait l\u2019invit\u00e9e de Sidonie Bonnec dans l\u2019\u00e9mission \u00ab Minute Papillon \u00bb sur France Bleu le 3 juin dernier.\" \/>\n<meta property=\"og:url\" content=\"https:\/\/www.institut-myologie.org\/imotion\/2021\/06\/04\/interview-de-france-pietri-rouxel-sur-france-bleu\/\" \/>\n<meta property=\"og:site_name\" content=\"I-Motion\" \/>\n<meta property=\"article:published_time\" content=\"2021-06-04T09:20:00+00:00\" \/>\n<meta property=\"article:modified_time\" content=\"2021-06-24T09:22:34+00:00\" \/>\n<meta name=\"author\" content=\"Anne Berthomier\" \/>\n<meta name=\"twitter:card\" content=\"summary_large_image\" \/>\n<meta name=\"twitter:label1\" content=\"\u00c9crit par\" \/>\n\t<meta name=\"twitter:data1\" content=\"Anne Berthomier\" \/>\n\t<meta name=\"twitter:label2\" content=\"Dur\u00e9e de lecture estim\u00e9e\" \/>\n\t<meta name=\"twitter:data2\" content=\"1 minute\" \/>\n<script type=\"application\/ld+json\" class=\"yoast-schema-graph\">{\"@context\":\"https:\/\/schema.org\",\"@graph\":[{\"@type\":\"Article\",\"@id\":\"https:\/\/www.institut-myologie.org\/imotion\/2021\/06\/04\/interview-de-france-pietri-rouxel-sur-france-bleu\/#article\",\"isPartOf\":{\"@id\":\"https:\/\/www.institut-myologie.org\/imotion\/2021\/06\/04\/interview-de-france-pietri-rouxel-sur-france-bleu\/\"},\"author\":{\"name\":\"Anne Berthomier\",\"@id\":\"https:\/\/www.institut-myologie.org\/imotion\/#\/schema\/person\/ecf0b87715a026a200491fe2d7649def\"},\"headline\":\"Interview de France Pietri-Rouxel sur France Bleu\",\"datePublished\":\"2021-06-04T09:20:00+00:00\",\"dateModified\":\"2021-06-24T09:22:34+00:00\",\"mainEntityOfPage\":{\"@id\":\"https:\/\/www.institut-myologie.org\/imotion\/2021\/06\/04\/interview-de-france-pietri-rouxel-sur-france-bleu\/\"},\"wordCount\":121,\"publisher\":{\"@id\":\"https:\/\/www.institut-myologie.org\/imotion\/#organization\"},\"articleSection\":[\"Non classifi\u00e9(e)\"],\"inLanguage\":\"fr-FR\"},{\"@type\":\"WebPage\",\"@id\":\"https:\/\/www.institut-myologie.org\/imotion\/2021\/06\/04\/interview-de-france-pietri-rouxel-sur-france-bleu\/\",\"url\":\"https:\/\/www.institut-myologie.org\/imotion\/2021\/06\/04\/interview-de-france-pietri-rouxel-sur-france-bleu\/\",\"name\":\"Interview de France Pietri-Rouxel sur France Bleu - I-Motion\",\"isPartOf\":{\"@id\":\"https:\/\/www.institut-myologie.org\/imotion\/#website\"},\"datePublished\":\"2021-06-04T09:20:00+00:00\",\"dateModified\":\"2021-06-24T09:22:34+00:00\",\"description\":\"France Pietri-Rouxel \u00e9tait l\u2019invit\u00e9e de Sidonie Bonnec dans l\u2019\u00e9mission \u00ab Minute Papillon \u00bb sur France Bleu le 3 juin dernier.\",\"breadcrumb\":{\"@id\":\"https:\/\/www.institut-myologie.org\/imotion\/2021\/06\/04\/interview-de-france-pietri-rouxel-sur-france-bleu\/#breadcrumb\"},\"inLanguage\":\"fr-FR\",\"potentialAction\":[{\"@type\":\"ReadAction\",\"target\":[\"https:\/\/www.institut-myologie.org\/imotion\/2021\/06\/04\/interview-de-france-pietri-rouxel-sur-france-bleu\/\"]}]},{\"@type\":\"BreadcrumbList\",\"@id\":\"https:\/\/www.institut-myologie.org\/imotion\/2021\/06\/04\/interview-de-france-pietri-rouxel-sur-france-bleu\/#breadcrumb\",\"itemListElement\":[{\"@type\":\"ListItem\",\"position\":1,\"name\":\"Home\",\"item\":\"https:\/\/www.institut-myologie.org\/imotion\/\"},{\"@type\":\"ListItem\",\"position\":2,\"name\":\"Interview de France Pietri-Rouxel sur France Bleu\"}]},{\"@type\":\"WebSite\",\"@id\":\"https:\/\/www.institut-myologie.org\/imotion\/#website\",\"url\":\"https:\/\/www.institut-myologie.org\/imotion\/\",\"name\":\"I-Motion\",\"description\":\"Plateforme d&#039;essais cliniques p\u00e9diatriques pour les maladies neuromusculaires\",\"publisher\":{\"@id\":\"https:\/\/www.institut-myologie.org\/imotion\/#organization\"},\"potentialAction\":[{\"@type\":\"SearchAction\",\"target\":{\"@type\":\"EntryPoint\",\"urlTemplate\":\"https:\/\/www.institut-myologie.org\/imotion\/?s={search_term_string}\"},\"query-input\":{\"@type\":\"PropertyValueSpecification\",\"valueRequired\":true,\"valueName\":\"search_term_string\"}}],\"inLanguage\":\"fr-FR\"},{\"@type\":\"Organization\",\"@id\":\"https:\/\/www.institut-myologie.org\/imotion\/#organization\",\"name\":\"Institut I-Motion\",\"url\":\"https:\/\/www.institut-myologie.org\/imotion\/\",\"logo\":{\"@type\":\"ImageObject\",\"inLanguage\":\"fr-FR\",\"@id\":\"https:\/\/www.institut-myologie.org\/imotion\/#\/schema\/logo\/image\/\",\"url\":\"https:\/\/www.institut-myologie.org\/imotion\/wp-content\/uploads\/2016\/08\/logoImotion.png\",\"contentUrl\":\"https:\/\/www.institut-myologie.org\/imotion\/wp-content\/uploads\/2016\/08\/logoImotion.png\",\"width\":150,\"height\":51,\"caption\":\"Institut I-Motion\"},\"image\":{\"@id\":\"https:\/\/www.institut-myologie.org\/imotion\/#\/schema\/logo\/image\/\"}},{\"@type\":\"Person\",\"@id\":\"https:\/\/www.institut-myologie.org\/imotion\/#\/schema\/person\/ecf0b87715a026a200491fe2d7649def\",\"name\":\"Anne Berthomier\",\"image\":{\"@type\":\"ImageObject\",\"inLanguage\":\"fr-FR\",\"@id\":\"https:\/\/www.institut-myologie.org\/imotion\/#\/schema\/person\/image\/\",\"url\":\"https:\/\/secure.gravatar.com\/avatar\/86282695a210f7767b59efc8eb542fb81270ad9c1a9d8bb3bccd9ab2f96782e6?s=96&d=mm&r=g\",\"contentUrl\":\"https:\/\/secure.gravatar.com\/avatar\/86282695a210f7767b59efc8eb542fb81270ad9c1a9d8bb3bccd9ab2f96782e6?s=96&d=mm&r=g\",\"caption\":\"Anne Berthomier\"}}]}<\/script>\n<!-- \/ Yoast SEO plugin. -->","yoast_head_json":{"title":"Interview de France Pietri-Rouxel sur France Bleu - I-Motion","description":"France Pietri-Rouxel \u00e9tait l\u2019invit\u00e9e de Sidonie Bonnec dans l\u2019\u00e9mission \u00ab Minute Papillon \u00bb sur France Bleu le 3 juin dernier.","robots":{"index":"index","follow":"follow","max-snippet":"max-snippet:-1","max-image-preview":"max-image-preview:large","max-video-preview":"max-video-preview:-1"},"canonical":"https:\/\/www.institut-myologie.org\/imotion\/2021\/06\/04\/interview-de-france-pietri-rouxel-sur-france-bleu\/","og_locale":"fr_FR","og_type":"article","og_title":"Interview de France Pietri-Rouxel sur France Bleu - I-Motion","og_description":"France Pietri-Rouxel \u00e9tait l\u2019invit\u00e9e de Sidonie Bonnec dans l\u2019\u00e9mission \u00ab Minute Papillon \u00bb sur France Bleu le 3 juin dernier.","og_url":"https:\/\/www.institut-myologie.org\/imotion\/2021\/06\/04\/interview-de-france-pietri-rouxel-sur-france-bleu\/","og_site_name":"I-Motion","article_published_time":"2021-06-04T09:20:00+00:00","article_modified_time":"2021-06-24T09:22:34+00:00","author":"Anne Berthomier","twitter_card":"summary_large_image","twitter_misc":{"\u00c9crit par":"Anne Berthomier","Dur\u00e9e de lecture estim\u00e9e":"1 minute"},"schema":{"@context":"https:\/\/schema.org","@graph":[{"@type":"Article","@id":"https:\/\/www.institut-myologie.org\/imotion\/2021\/06\/04\/interview-de-france-pietri-rouxel-sur-france-bleu\/#article","isPartOf":{"@id":"https:\/\/www.institut-myologie.org\/imotion\/2021\/06\/04\/interview-de-france-pietri-rouxel-sur-france-bleu\/"},"author":{"name":"Anne Berthomier","@id":"https:\/\/www.institut-myologie.org\/imotion\/#\/schema\/person\/ecf0b87715a026a200491fe2d7649def"},"headline":"Interview de France Pietri-Rouxel sur France Bleu","datePublished":"2021-06-04T09:20:00+00:00","dateModified":"2021-06-24T09:22:34+00:00","mainEntityOfPage":{"@id":"https:\/\/www.institut-myologie.org\/imotion\/2021\/06\/04\/interview-de-france-pietri-rouxel-sur-france-bleu\/"},"wordCount":121,"publisher":{"@id":"https:\/\/www.institut-myologie.org\/imotion\/#organization"},"articleSection":["Non classifi\u00e9(e)"],"inLanguage":"fr-FR"},{"@type":"WebPage","@id":"https:\/\/www.institut-myologie.org\/imotion\/2021\/06\/04\/interview-de-france-pietri-rouxel-sur-france-bleu\/","url":"https:\/\/www.institut-myologie.org\/imotion\/2021\/06\/04\/interview-de-france-pietri-rouxel-sur-france-bleu\/","name":"Interview de France Pietri-Rouxel sur France Bleu - I-Motion","isPartOf":{"@id":"https:\/\/www.institut-myologie.org\/imotion\/#website"},"datePublished":"2021-06-04T09:20:00+00:00","dateModified":"2021-06-24T09:22:34+00:00","description":"France Pietri-Rouxel \u00e9tait l\u2019invit\u00e9e de Sidonie Bonnec dans l\u2019\u00e9mission \u00ab Minute Papillon \u00bb sur France Bleu le 3 juin dernier.","breadcrumb":{"@id":"https:\/\/www.institut-myologie.org\/imotion\/2021\/06\/04\/interview-de-france-pietri-rouxel-sur-france-bleu\/#breadcrumb"},"inLanguage":"fr-FR","potentialAction":[{"@type":"ReadAction","target":["https:\/\/www.institut-myologie.org\/imotion\/2021\/06\/04\/interview-de-france-pietri-rouxel-sur-france-bleu\/"]}]},{"@type":"BreadcrumbList","@id":"https:\/\/www.institut-myologie.org\/imotion\/2021\/06\/04\/interview-de-france-pietri-rouxel-sur-france-bleu\/#breadcrumb","itemListElement":[{"@type":"ListItem","position":1,"name":"Home","item":"https:\/\/www.institut-myologie.org\/imotion\/"},{"@type":"ListItem","position":2,"name":"Interview de France Pietri-Rouxel sur France Bleu"}]},{"@type":"WebSite","@id":"https:\/\/www.institut-myologie.org\/imotion\/#website","url":"https:\/\/www.institut-myologie.org\/imotion\/","name":"I-Motion","description":"Plateforme d&#039;essais cliniques p\u00e9diatriques pour les maladies neuromusculaires","publisher":{"@id":"https:\/\/www.institut-myologie.org\/imotion\/#organization"},"potentialAction":[{"@type":"SearchAction","target":{"@type":"EntryPoint","urlTemplate":"https:\/\/www.institut-myologie.org\/imotion\/?s={search_term_string}"},"query-input":{"@type":"PropertyValueSpecification","valueRequired":true,"valueName":"search_term_string"}}],"inLanguage":"fr-FR"},{"@type":"Organization","@id":"https:\/\/www.institut-myologie.org\/imotion\/#organization","name":"Institut I-Motion","url":"https:\/\/www.institut-myologie.org\/imotion\/","logo":{"@type":"ImageObject","inLanguage":"fr-FR","@id":"https:\/\/www.institut-myologie.org\/imotion\/#\/schema\/logo\/image\/","url":"https:\/\/www.institut-myologie.org\/imotion\/wp-content\/uploads\/2016\/08\/logoImotion.png","contentUrl":"https:\/\/www.institut-myologie.org\/imotion\/wp-content\/uploads\/2016\/08\/logoImotion.png","width":150,"height":51,"caption":"Institut I-Motion"},"image":{"@id":"https:\/\/www.institut-myologie.org\/imotion\/#\/schema\/logo\/image\/"}},{"@type":"Person","@id":"https:\/\/www.institut-myologie.org\/imotion\/#\/schema\/person\/ecf0b87715a026a200491fe2d7649def","name":"Anne Berthomier","image":{"@type":"ImageObject","inLanguage":"fr-FR","@id":"https:\/\/www.institut-myologie.org\/imotion\/#\/schema\/person\/image\/","url":"https:\/\/secure.gravatar.com\/avatar\/86282695a210f7767b59efc8eb542fb81270ad9c1a9d8bb3bccd9ab2f96782e6?s=96&d=mm&r=g","contentUrl":"https:\/\/secure.gravatar.com\/avatar\/86282695a210f7767b59efc8eb542fb81270ad9c1a9d8bb3bccd9ab2f96782e6?s=96&d=mm&r=g","caption":"Anne Berthomier"}}]}},"_links":{"self":[{"href":"https:\/\/www.institut-myologie.org\/imotion\/wp-json\/wp\/v2\/posts\/2348","targetHints":{"allow":["GET"]}}],"collection":[{"href":"https:\/\/www.institut-myologie.org\/imotion\/wp-json\/wp\/v2\/posts"}],"about":[{"href":"https:\/\/www.institut-myologie.org\/imotion\/wp-json\/wp\/v2\/types\/post"}],"author":[{"embeddable":true,"href":"https:\/\/www.institut-myologie.org\/imotion\/wp-json\/wp\/v2\/users\/3"}],"replies":[{"embeddable":true,"href":"https:\/\/www.institut-myologie.org\/imotion\/wp-json\/wp\/v2\/comments?post=2348"}],"version-history":[{"count":2,"href":"https:\/\/www.institut-myologie.org\/imotion\/wp-json\/wp\/v2\/posts\/2348\/revisions"}],"predecessor-version":[{"id":2350,"href":"https:\/\/www.institut-myologie.org\/imotion\/wp-json\/wp\/v2\/posts\/2348\/revisions\/2350"}],"wp:attachment":[{"href":"https:\/\/www.institut-myologie.org\/imotion\/wp-json\/wp\/v2\/media?parent=2348"}],"wp:term":[{"taxonomy":"category","embeddable":true,"href":"https:\/\/www.institut-myologie.org\/imotion\/wp-json\/wp\/v2\/categories?post=2348"},{"taxonomy":"post_tag","embeddable":true,"href":"https:\/\/www.institut-myologie.org\/imotion\/wp-json\/wp\/v2\/tags?post=2348"}],"curies":[{"name":"wp","href":"https:\/\/api.w.org\/{rel}","templated":true}]}}